{"id":1751,"date":"2024-10-31T00:03:00","date_gmt":"2024-10-30T23:03:00","guid":{"rendered":"https:\/\/xn--viosdacorua-2dbi.gal\/blog\/2024\/10\/31\/remata-o-congreso-degusta-a-coruna-que-viaxou-durante-3-dias-pola-provincia-para-poner-en-valor-a-gastronomia-a-identidade-e-o-territorio\/"},"modified":"2025-02-20T00:25:28","modified_gmt":"2025-02-19T23:25:28","slug":"remata-o-congreso-degusta-a-coruna-que-viaxou-durante-3-dias-pola-provincia-para-poner-en-valor-a-gastronomia-a-identidade-e-o-territorio","status":"publish","type":"post","link":"https:\/\/xn--viosdacorua-2dbi.gal\/es\/blog\/2024\/10\/31\/remata-o-congreso-degusta-a-coruna-que-viaxou-durante-3-dias-pola-provincia-para-poner-en-valor-a-gastronomia-a-identidade-e-o-territorio\/","title":{"rendered":"Finaliza el congreso Degusta A Coru\u00f1a, que viaj\u00f3 durante 3 d\u00edas por la provincia para poner en valor la gastronom\u00eda, la identidad y el territorio"},"content":{"rendered":"\n<p><em>Tres d\u00edas, 6 concellos, 20 actividades e 35 relatores conformaron esta primeira edici\u00f3n do congreso que organizou a \u00e1rea de turismo da Deputaci\u00f3n<\/em><\/p>\n\n\n\n<p><em>\u00abCon este congreso pretendiamos pisar territorio, sa\u00edr dos cl\u00e1sicos auditorios para ver sobre o terreo por que, por exemplo, dicimos que a pesca da lamprea \u00e9 sostible, ou para descubrir os grandes vi\u00f1os que temos e as microhistorias que hai detr\u00e1s, de legado e aut\u00e9ntica devoci\u00f3n polo traballo e o territorio\u00bb, sinalou Regueira<\/em><\/p>\n\n\n<div class=\"wp-block-image\">\n<figure class=\"aligncenter size-full\"><img fetchpriority=\"high\" decoding=\"async\" width=\"1024\" height=\"682\" src=\"https:\/\/xn--viosdacorua-2dbi.gal\/wp-content\/uploads\/2025\/02\/degusta-coruna-3.jpg\" alt=\"\" class=\"wp-image-1743\" srcset=\"https:\/\/xn--viosdacorua-2dbi.gal\/wp-content\/uploads\/2025\/02\/degusta-coruna-3.jpg 1024w, https:\/\/xn--viosdacorua-2dbi.gal\/wp-content\/uploads\/2025\/02\/degusta-coruna-3-300x200.jpg 300w, https:\/\/xn--viosdacorua-2dbi.gal\/wp-content\/uploads\/2025\/02\/degusta-coruna-3-768x512.jpg 768w\" sizes=\"(max-width: 1024px) 100vw, 1024px\" \/><\/figure><\/div>\n\n\n<p>O congreso de turismo gastron\u00f3mico Degusta A Coru\u00f1a, organizado pola \u00e1rea de turismo da Deputaci\u00f3n, chega hoxe ao seu fin despois de 3 d\u00edas de viaxes por toda a provincia, cun itinerario que chegou a 6 concellos (Fene, Betanzos, Padr\u00f3n, Boiro, A Coru\u00f1a e Carballo), con 20 actividades e 35 relatores de diferentes puntos do estado e de diferentes \u00e1mbitos do sector (restauraci\u00f3n, formaci\u00f3n, comunicaci\u00f3n, empresarial, distribuci\u00f3n, produci\u00f3n&#8230;).<\/p>\n\n\n\n<p>Ademais, todas as actividades emit\u00edronse por streaming, as\u00ed como outras que se celebraron unicamente v\u00eda telem\u00e1tica polas tardes, \u00e1s que se pode acceder dende a p\u00e1xina web degustacoruna.gal<\/p>\n\n\n\n<p>Encontros na confrar\u00eda de Barallobre para co\u00f1ecer os seus mariscos de primeira calidade e nas pesqueiras do r\u00edo Ulla para descubrir todos os detalles sobre a lamprea e a s\u00faa pesca; visitas ao antigo matadoiro de Betanzos e ao emblem\u00e1tico Pazo de Goi\u00e1ns para falar sobre o patrimonio vin\u00edcola da provincia e o seu impacto socioecon\u00f3mico e cultural; e xornadas en espazos como o Muncyt coru\u00f1\u00e9s ou o N\u00e1utico de Razo, para \u00abpisar territorio, sa\u00edr dos auditorios para ver sobre o terreo por que, por exemplo, dicimos que a pesca da lamprea \u00e9 sostible, ou para descubrir os grandes vi\u00f1os que temos e as microhistorias que hai detr\u00e1s, de legado e aut\u00e9ntica devoci\u00f3n polo traballo e o territorio\u00bb, sinalou Regueira.<\/p>\n\n\n\n<p>A resposta por parte de relatores, asistentes e participantes foi un\u00e1nime: \u00abunha experiencia moi positiva, diferente e necesaria para co\u00f1ecer de verdade a provincia e a gastronom\u00eda dende a orixe\u00bb afirmaban. Tam\u00e9n agradec\u00edan \u00e1 Deputaci\u00f3n esta iniciativa, \u00abpara po\u00f1er en valor os diferentes xeodestinos, interactuar todo o sector: empresas a todos os niveis (produci\u00f3n, hostaler\u00eda, restauraci\u00f3n, turismo&#8230;), administraci\u00f3ns, entidades e profesionais de outros \u00e1mbitos como a formaci\u00f3n ou a comunicaci\u00f3n\u00bb destacaban.<\/p>\n\n\n\n<p>\u00abEse \u00e9 o fin deste congreso: que todos os axentes implicados falemos, compartamos experiencias e inquedanzas, reflexionar e descubrirnos e redescubrirnos\u00bb, sinalaba Regueira. \u00abA experiencia foi tan positiva e enriquecedora que xa estamos desexando a comezar na segunda edici\u00f3n\u00bb.<\/p>\n","protected":false},"excerpt":{"rendered":"<p>Tres d\u00edas, 6 concellos, 20 actividades e 35 relatores conformaron esta primeira edici\u00f3n do congreso que organizou a \u00e1rea de turismo da Deputaci\u00f3n \u00abCon este congreso pretendiamos pisar territorio, sa\u00edr dos cl\u00e1sicos auditorios para ver sobre o terreo por que, por exemplo, dicimos que a pesca da lamprea \u00e9 sostible, ou para descubrir os grandes [&hellip;]<\/p>\n","protected":false},"author":2,"featured_media":1744,"comment_status":"open","ping_status":"open","sticky":false,"template":"","format":"standard","meta":{"footnotes":""},"categories":[4],"tags":[],"class_list":["post-1751","post","type-post","status-publish","format-standard","has-post-thumbnail","hentry","category-sin-categorizar"],"yoast_head":"<!-- This site is optimized with the Yoast SEO plugin v24.0 - https:\/\/yoast.com\/wordpress\/plugins\/seo\/ -->\n<title>Finaliza el congreso Degusta A Coru\u00f1a, que viaj\u00f3 durante 3 d\u00edas por la provincia para poner en valor la gastronom\u00eda, la identidad y el territorio - Vi\u00f1os da Coru\u00f1a<\/title>\n<meta name=\"robots\" content=\"index, follow, max-snippet:-1, max-image-preview:large, max-video-preview:-1\" \/>\n<link rel=\"canonical\" href=\"https:\/\/xn--viosdacorua-2dbi.gal\/es\/blog\/2024\/10\/31\/remata-o-congreso-degusta-a-coruna-que-viaxou-durante-3-dias-pola-provincia-para-poner-en-valor-a-gastronomia-a-identidade-e-o-territorio\/\" \/>\n<meta property=\"og:locale\" content=\"es_ES\" \/>\n<meta property=\"og:type\" content=\"article\" \/>\n<meta property=\"og:title\" content=\"Finaliza el congreso Degusta A Coru\u00f1a, que viaj\u00f3 durante 3 d\u00edas por la provincia para poner en valor la gastronom\u00eda, la identidad y el territorio - Vi\u00f1os da Coru\u00f1a\" \/>\n<meta property=\"og:description\" content=\"Tres d\u00edas, 6 concellos, 20 actividades e 35 relatores conformaron esta primeira edici\u00f3n do congreso que organizou a \u00e1rea de turismo da Deputaci\u00f3n \u00abCon este congreso pretendiamos pisar territorio, sa\u00edr dos cl\u00e1sicos auditorios para ver sobre o terreo por que, por exemplo, dicimos que a pesca da lamprea \u00e9 sostible, ou para descubrir os grandes [&hellip;]\" \/>\n<meta property=\"og:url\" content=\"https:\/\/xn--viosdacorua-2dbi.gal\/es\/blog\/2024\/10\/31\/remata-o-congreso-degusta-a-coruna-que-viaxou-durante-3-dias-pola-provincia-para-poner-en-valor-a-gastronomia-a-identidade-e-o-territorio\/\" \/>\n<meta property=\"og:site_name\" content=\"Vi\u00f1os da Coru\u00f1a\" \/>\n<meta property=\"article:published_time\" content=\"2024-10-30T23:03:00+00:00\" \/>\n<meta property=\"article:modified_time\" content=\"2025-02-19T23:25:28+00:00\" \/>\n<meta property=\"og:image\" content=\"https:\/\/xn--viosdacorua-2dbi.gal\/wp-content\/uploads\/2025\/02\/degusta-coruna-3.jpg\" \/>\n\t<meta property=\"og:image:width\" content=\"1024\" \/>\n\t<meta property=\"og:image:height\" content=\"682\" \/>\n\t<meta property=\"og:image:type\" content=\"image\/jpeg\" \/>\n<meta name=\"author\" content=\"Roberto Noguerol\" \/>\n<meta name=\"twitter:card\" content=\"summary_large_image\" \/>\n<meta name=\"twitter:label1\" content=\"Escrito por\" \/>\n\t<meta name=\"twitter:data1\" content=\"Roberto Noguerol\" \/>\n\t<meta name=\"twitter:label2\" content=\"Tiempo de lectura\" \/>\n\t<meta name=\"twitter:data2\" content=\"3 minutos\" \/>\n<script type=\"application\/ld+json\" class=\"yoast-schema-graph\">{\"@context\":\"https:\/\/schema.org\",\"@graph\":[{\"@type\":\"Article\",\"@id\":\"https:\/\/xn--viosdacorua-2dbi.gal\/es\/blog\/2024\/10\/31\/remata-o-congreso-degusta-a-coruna-que-viaxou-durante-3-dias-pola-provincia-para-poner-en-valor-a-gastronomia-a-identidade-e-o-territorio\/#article\",\"isPartOf\":{\"@id\":\"https:\/\/xn--viosdacorua-2dbi.gal\/es\/blog\/2024\/10\/31\/remata-o-congreso-degusta-a-coruna-que-viaxou-durante-3-dias-pola-provincia-para-poner-en-valor-a-gastronomia-a-identidade-e-o-territorio\/\"},\"author\":{\"name\":\"Roberto Noguerol\",\"@id\":\"https:\/\/xn--viosdacorua-2dbi.gal\/es\/#\/schema\/person\/9e44d783c77ee4a2849056330ba9c877\"},\"headline\":\"Finaliza el congreso Degusta A Coru\u00f1a, que viaj\u00f3 durante 3 d\u00edas por la provincia para poner en valor la gastronom\u00eda, la identidad y el territorio\",\"datePublished\":\"2024-10-30T23:03:00+00:00\",\"dateModified\":\"2025-02-19T23:25:28+00:00\",\"mainEntityOfPage\":{\"@id\":\"https:\/\/xn--viosdacorua-2dbi.gal\/es\/blog\/2024\/10\/31\/remata-o-congreso-degusta-a-coruna-que-viaxou-durante-3-dias-pola-provincia-para-poner-en-valor-a-gastronomia-a-identidade-e-o-territorio\/\"},\"wordCount\":472,\"commentCount\":0,\"publisher\":{\"@id\":\"https:\/\/xn--viosdacorua-2dbi.gal\/es\/#organization\"},\"image\":{\"@id\":\"https:\/\/xn--viosdacorua-2dbi.gal\/es\/blog\/2024\/10\/31\/remata-o-congreso-degusta-a-coruna-que-viaxou-durante-3-dias-pola-provincia-para-poner-en-valor-a-gastronomia-a-identidade-e-o-territorio\/#primaryimage\"},\"thumbnailUrl\":\"https:\/\/xn--viosdacorua-2dbi.gal\/wp-content\/uploads\/2025\/02\/degusta-coruna-3.jpg\",\"articleSection\":[\"Sin categorizar\"],\"inLanguage\":\"es\",\"potentialAction\":[{\"@type\":\"CommentAction\",\"name\":\"Comment\",\"target\":[\"https:\/\/xn--viosdacorua-2dbi.gal\/es\/blog\/2024\/10\/31\/remata-o-congreso-degusta-a-coruna-que-viaxou-durante-3-dias-pola-provincia-para-poner-en-valor-a-gastronomia-a-identidade-e-o-territorio\/#respond\"]}]},{\"@type\":\"WebPage\",\"@id\":\"https:\/\/xn--viosdacorua-2dbi.gal\/es\/blog\/2024\/10\/31\/remata-o-congreso-degusta-a-coruna-que-viaxou-durante-3-dias-pola-provincia-para-poner-en-valor-a-gastronomia-a-identidade-e-o-territorio\/\",\"url\":\"https:\/\/xn--viosdacorua-2dbi.gal\/es\/blog\/2024\/10\/31\/remata-o-congreso-degusta-a-coruna-que-viaxou-durante-3-dias-pola-provincia-para-poner-en-valor-a-gastronomia-a-identidade-e-o-territorio\/\",\"name\":\"Finaliza el congreso Degusta A Coru\u00f1a, que viaj\u00f3 durante 3 d\u00edas por la provincia para poner en valor la gastronom\u00eda, la identidad y el territorio - Vi\u00f1os da Coru\u00f1a\",\"isPartOf\":{\"@id\":\"https:\/\/xn--viosdacorua-2dbi.gal\/es\/#website\"},\"primaryImageOfPage\":{\"@id\":\"https:\/\/xn--viosdacorua-2dbi.gal\/es\/blog\/2024\/10\/31\/remata-o-congreso-degusta-a-coruna-que-viaxou-durante-3-dias-pola-provincia-para-poner-en-valor-a-gastronomia-a-identidade-e-o-territorio\/#primaryimage\"},\"image\":{\"@id\":\"https:\/\/xn--viosdacorua-2dbi.gal\/es\/blog\/2024\/10\/31\/remata-o-congreso-degusta-a-coruna-que-viaxou-durante-3-dias-pola-provincia-para-poner-en-valor-a-gastronomia-a-identidade-e-o-territorio\/#primaryimage\"},\"thumbnailUrl\":\"https:\/\/xn--viosdacorua-2dbi.gal\/wp-content\/uploads\/2025\/02\/degusta-coruna-3.jpg\",\"datePublished\":\"2024-10-30T23:03:00+00:00\",\"dateModified\":\"2025-02-19T23:25:28+00:00\",\"breadcrumb\":{\"@id\":\"https:\/\/xn--viosdacorua-2dbi.gal\/es\/blog\/2024\/10\/31\/remata-o-congreso-degusta-a-coruna-que-viaxou-durante-3-dias-pola-provincia-para-poner-en-valor-a-gastronomia-a-identidade-e-o-territorio\/#breadcrumb\"},\"inLanguage\":\"es\",\"potentialAction\":[{\"@type\":\"ReadAction\",\"target\":[\"https:\/\/xn--viosdacorua-2dbi.gal\/es\/blog\/2024\/10\/31\/remata-o-congreso-degusta-a-coruna-que-viaxou-durante-3-dias-pola-provincia-para-poner-en-valor-a-gastronomia-a-identidade-e-o-territorio\/\"]}]},{\"@type\":\"ImageObject\",\"inLanguage\":\"es\",\"@id\":\"https:\/\/xn--viosdacorua-2dbi.gal\/es\/blog\/2024\/10\/31\/remata-o-congreso-degusta-a-coruna-que-viaxou-durante-3-dias-pola-provincia-para-poner-en-valor-a-gastronomia-a-identidade-e-o-territorio\/#primaryimage\",\"url\":\"https:\/\/xn--viosdacorua-2dbi.gal\/wp-content\/uploads\/2025\/02\/degusta-coruna-3.jpg\",\"contentUrl\":\"https:\/\/xn--viosdacorua-2dbi.gal\/wp-content\/uploads\/2025\/02\/degusta-coruna-3.jpg\",\"width\":1024,\"height\":682},{\"@type\":\"BreadcrumbList\",\"@id\":\"https:\/\/xn--viosdacorua-2dbi.gal\/es\/blog\/2024\/10\/31\/remata-o-congreso-degusta-a-coruna-que-viaxou-durante-3-dias-pola-provincia-para-poner-en-valor-a-gastronomia-a-identidade-e-o-territorio\/#breadcrumb\",\"itemListElement\":[{\"@type\":\"ListItem\",\"position\":1,\"name\":\"Inicio\",\"item\":\"https:\/\/xn--viosdacorua-2dbi.gal\/es\/\"},{\"@type\":\"ListItem\",\"position\":2,\"name\":\"Finaliza el congreso Degusta A Coru\u00f1a, que viaj\u00f3 durante 3 d\u00edas por la provincia para poner en valor la gastronom\u00eda, la identidad y el territorio\"}]},{\"@type\":\"WebSite\",\"@id\":\"https:\/\/xn--viosdacorua-2dbi.gal\/es\/#website\",\"url\":\"https:\/\/xn--viosdacorua-2dbi.gal\/es\/\",\"name\":\"Vi\u00f1os da Coru\u00f1a\",\"description\":\"Os vi\u00f1os da Coru\u00f1a\",\"publisher\":{\"@id\":\"https:\/\/xn--viosdacorua-2dbi.gal\/es\/#organization\"},\"alternateName\":\"Vi\u00f1os da provincia da Coru\u00f1a\",\"potentialAction\":[{\"@type\":\"SearchAction\",\"target\":{\"@type\":\"EntryPoint\",\"urlTemplate\":\"https:\/\/xn--viosdacorua-2dbi.gal\/es\/?s={search_term_string}\"},\"query-input\":{\"@type\":\"PropertyValueSpecification\",\"valueRequired\":true,\"valueName\":\"search_term_string\"}}],\"inLanguage\":\"es\"},{\"@type\":\"Organization\",\"@id\":\"https:\/\/xn--viosdacorua-2dbi.gal\/es\/#organization\",\"name\":\"Vi\u00f1os da Provincia de A Coru\u00f1a\",\"alternateName\":\"Vi\u00f1os da Provincia de A Coru\u00f1a\",\"url\":\"https:\/\/xn--viosdacorua-2dbi.gal\/es\/\",\"logo\":{\"@type\":\"ImageObject\",\"inLanguage\":\"es\",\"@id\":\"https:\/\/xn--viosdacorua-2dbi.gal\/es\/#\/schema\/logo\/image\/\",\"url\":\"https:\/\/xn--viosdacorua-2dbi.gal\/wp-content\/uploads\/2024\/12\/logo_vinhos.jpg\",\"contentUrl\":\"https:\/\/xn--viosdacorua-2dbi.gal\/wp-content\/uploads\/2024\/12\/logo_vinhos.jpg\",\"width\":1600,\"height\":563,\"caption\":\"Vi\u00f1os da Provincia de A Coru\u00f1a\"},\"image\":{\"@id\":\"https:\/\/xn--viosdacorua-2dbi.gal\/es\/#\/schema\/logo\/image\/\"}},{\"@type\":\"Person\",\"@id\":\"https:\/\/xn--viosdacorua-2dbi.gal\/es\/#\/schema\/person\/9e44d783c77ee4a2849056330ba9c877\",\"name\":\"Roberto Noguerol\",\"image\":{\"@type\":\"ImageObject\",\"inLanguage\":\"es\",\"@id\":\"https:\/\/xn--viosdacorua-2dbi.gal\/es\/#\/schema\/person\/image\/\",\"url\":\"https:\/\/secure.gravatar.com\/avatar\/9e2c65b23cebcab7beabd8fbdfc0e353?s=96&d=mm&r=g\",\"contentUrl\":\"https:\/\/secure.gravatar.com\/avatar\/9e2c65b23cebcab7beabd8fbdfc0e353?s=96&d=mm&r=g\",\"caption\":\"Roberto Noguerol\"},\"url\":\"https:\/\/xn--viosdacorua-2dbi.gal\/es\/blog\/author\/roberto\/\"}]}<\/script>\n<!-- \/ Yoast SEO plugin. -->","yoast_head_json":{"title":"Finaliza el congreso Degusta A Coru\u00f1a, que viaj\u00f3 durante 3 d\u00edas por la provincia para poner en valor la gastronom\u00eda, la identidad y el territorio - Vi\u00f1os da Coru\u00f1a","robots":{"index":"index","follow":"follow","max-snippet":"max-snippet:-1","max-image-preview":"max-image-preview:large","max-video-preview":"max-video-preview:-1"},"canonical":"https:\/\/xn--viosdacorua-2dbi.gal\/es\/blog\/2024\/10\/31\/remata-o-congreso-degusta-a-coruna-que-viaxou-durante-3-dias-pola-provincia-para-poner-en-valor-a-gastronomia-a-identidade-e-o-territorio\/","og_locale":"es_ES","og_type":"article","og_title":"Finaliza el congreso Degusta A Coru\u00f1a, que viaj\u00f3 durante 3 d\u00edas por la provincia para poner en valor la gastronom\u00eda, la identidad y el territorio - Vi\u00f1os da Coru\u00f1a","og_description":"Tres d\u00edas, 6 concellos, 20 actividades e 35 relatores conformaron esta primeira edici\u00f3n do congreso que organizou a \u00e1rea de turismo da Deputaci\u00f3n \u00abCon este congreso pretendiamos pisar territorio, sa\u00edr dos cl\u00e1sicos auditorios para ver sobre o terreo por que, por exemplo, dicimos que a pesca da lamprea \u00e9 sostible, ou para descubrir os grandes [&hellip;]","og_url":"https:\/\/xn--viosdacorua-2dbi.gal\/es\/blog\/2024\/10\/31\/remata-o-congreso-degusta-a-coruna-que-viaxou-durante-3-dias-pola-provincia-para-poner-en-valor-a-gastronomia-a-identidade-e-o-territorio\/","og_site_name":"Vi\u00f1os da Coru\u00f1a","article_published_time":"2024-10-30T23:03:00+00:00","article_modified_time":"2025-02-19T23:25:28+00:00","og_image":[{"width":1024,"height":682,"url":"https:\/\/xn--viosdacorua-2dbi.gal\/wp-content\/uploads\/2025\/02\/degusta-coruna-3.jpg","type":"image\/jpeg"}],"author":"Roberto Noguerol","twitter_card":"summary_large_image","twitter_misc":{"Escrito por":"Roberto Noguerol","Tiempo de lectura":"3 minutos"},"schema":{"@context":"https:\/\/schema.org","@graph":[{"@type":"Article","@id":"https:\/\/xn--viosdacorua-2dbi.gal\/es\/blog\/2024\/10\/31\/remata-o-congreso-degusta-a-coruna-que-viaxou-durante-3-dias-pola-provincia-para-poner-en-valor-a-gastronomia-a-identidade-e-o-territorio\/#article","isPartOf":{"@id":"https:\/\/xn--viosdacorua-2dbi.gal\/es\/blog\/2024\/10\/31\/remata-o-congreso-degusta-a-coruna-que-viaxou-durante-3-dias-pola-provincia-para-poner-en-valor-a-gastronomia-a-identidade-e-o-territorio\/"},"author":{"name":"Roberto Noguerol","@id":"https:\/\/xn--viosdacorua-2dbi.gal\/es\/#\/schema\/person\/9e44d783c77ee4a2849056330ba9c877"},"headline":"Finaliza el congreso Degusta A Coru\u00f1a, que viaj\u00f3 durante 3 d\u00edas por la provincia para poner en valor la gastronom\u00eda, la identidad y el territorio","datePublished":"2024-10-30T23:03:00+00:00","dateModified":"2025-02-19T23:25:28+00:00","mainEntityOfPage":{"@id":"https:\/\/xn--viosdacorua-2dbi.gal\/es\/blog\/2024\/10\/31\/remata-o-congreso-degusta-a-coruna-que-viaxou-durante-3-dias-pola-provincia-para-poner-en-valor-a-gastronomia-a-identidade-e-o-territorio\/"},"wordCount":472,"commentCount":0,"publisher":{"@id":"https:\/\/xn--viosdacorua-2dbi.gal\/es\/#organization"},"image":{"@id":"https:\/\/xn--viosdacorua-2dbi.gal\/es\/blog\/2024\/10\/31\/remata-o-congreso-degusta-a-coruna-que-viaxou-durante-3-dias-pola-provincia-para-poner-en-valor-a-gastronomia-a-identidade-e-o-territorio\/#primaryimage"},"thumbnailUrl":"https:\/\/xn--viosdacorua-2dbi.gal\/wp-content\/uploads\/2025\/02\/degusta-coruna-3.jpg","articleSection":["Sin categorizar"],"inLanguage":"es","potentialAction":[{"@type":"CommentAction","name":"Comment","target":["https:\/\/xn--viosdacorua-2dbi.gal\/es\/blog\/2024\/10\/31\/remata-o-congreso-degusta-a-coruna-que-viaxou-durante-3-dias-pola-provincia-para-poner-en-valor-a-gastronomia-a-identidade-e-o-territorio\/#respond"]}]},{"@type":"WebPage","@id":"https:\/\/xn--viosdacorua-2dbi.gal\/es\/blog\/2024\/10\/31\/remata-o-congreso-degusta-a-coruna-que-viaxou-durante-3-dias-pola-provincia-para-poner-en-valor-a-gastronomia-a-identidade-e-o-territorio\/","url":"https:\/\/xn--viosdacorua-2dbi.gal\/es\/blog\/2024\/10\/31\/remata-o-congreso-degusta-a-coruna-que-viaxou-durante-3-dias-pola-provincia-para-poner-en-valor-a-gastronomia-a-identidade-e-o-territorio\/","name":"Finaliza el congreso Degusta A Coru\u00f1a, que viaj\u00f3 durante 3 d\u00edas por la provincia para poner en valor la gastronom\u00eda, la identidad y el territorio - Vi\u00f1os da Coru\u00f1a","isPartOf":{"@id":"https:\/\/xn--viosdacorua-2dbi.gal\/es\/#website"},"primaryImageOfPage":{"@id":"https:\/\/xn--viosdacorua-2dbi.gal\/es\/blog\/2024\/10\/31\/remata-o-congreso-degusta-a-coruna-que-viaxou-durante-3-dias-pola-provincia-para-poner-en-valor-a-gastronomia-a-identidade-e-o-territorio\/#primaryimage"},"image":{"@id":"https:\/\/xn--viosdacorua-2dbi.gal\/es\/blog\/2024\/10\/31\/remata-o-congreso-degusta-a-coruna-que-viaxou-durante-3-dias-pola-provincia-para-poner-en-valor-a-gastronomia-a-identidade-e-o-territorio\/#primaryimage"},"thumbnailUrl":"https:\/\/xn--viosdacorua-2dbi.gal\/wp-content\/uploads\/2025\/02\/degusta-coruna-3.jpg","datePublished":"2024-10-30T23:03:00+00:00","dateModified":"2025-02-19T23:25:28+00:00","breadcrumb":{"@id":"https:\/\/xn--viosdacorua-2dbi.gal\/es\/blog\/2024\/10\/31\/remata-o-congreso-degusta-a-coruna-que-viaxou-durante-3-dias-pola-provincia-para-poner-en-valor-a-gastronomia-a-identidade-e-o-territorio\/#breadcrumb"},"inLanguage":"es","potentialAction":[{"@type":"ReadAction","target":["https:\/\/xn--viosdacorua-2dbi.gal\/es\/blog\/2024\/10\/31\/remata-o-congreso-degusta-a-coruna-que-viaxou-durante-3-dias-pola-provincia-para-poner-en-valor-a-gastronomia-a-identidade-e-o-territorio\/"]}]},{"@type":"ImageObject","inLanguage":"es","@id":"https:\/\/xn--viosdacorua-2dbi.gal\/es\/blog\/2024\/10\/31\/remata-o-congreso-degusta-a-coruna-que-viaxou-durante-3-dias-pola-provincia-para-poner-en-valor-a-gastronomia-a-identidade-e-o-territorio\/#primaryimage","url":"https:\/\/xn--viosdacorua-2dbi.gal\/wp-content\/uploads\/2025\/02\/degusta-coruna-3.jpg","contentUrl":"https:\/\/xn--viosdacorua-2dbi.gal\/wp-content\/uploads\/2025\/02\/degusta-coruna-3.jpg","width":1024,"height":682},{"@type":"BreadcrumbList","@id":"https:\/\/xn--viosdacorua-2dbi.gal\/es\/blog\/2024\/10\/31\/remata-o-congreso-degusta-a-coruna-que-viaxou-durante-3-dias-pola-provincia-para-poner-en-valor-a-gastronomia-a-identidade-e-o-territorio\/#breadcrumb","itemListElement":[{"@type":"ListItem","position":1,"name":"Inicio","item":"https:\/\/xn--viosdacorua-2dbi.gal\/es\/"},{"@type":"ListItem","position":2,"name":"Finaliza el congreso Degusta A Coru\u00f1a, que viaj\u00f3 durante 3 d\u00edas por la provincia para poner en valor la gastronom\u00eda, la identidad y el territorio"}]},{"@type":"WebSite","@id":"https:\/\/xn--viosdacorua-2dbi.gal\/es\/#website","url":"https:\/\/xn--viosdacorua-2dbi.gal\/es\/","name":"Vi\u00f1os da Coru\u00f1a","description":"Os vi\u00f1os da Coru\u00f1a","publisher":{"@id":"https:\/\/xn--viosdacorua-2dbi.gal\/es\/#organization"},"alternateName":"Vi\u00f1os da provincia da Coru\u00f1a","potentialAction":[{"@type":"SearchAction","target":{"@type":"EntryPoint","urlTemplate":"https:\/\/xn--viosdacorua-2dbi.gal\/es\/?s={search_term_string}"},"query-input":{"@type":"PropertyValueSpecification","valueRequired":true,"valueName":"search_term_string"}}],"inLanguage":"es"},{"@type":"Organization","@id":"https:\/\/xn--viosdacorua-2dbi.gal\/es\/#organization","name":"Vi\u00f1os da Provincia de A Coru\u00f1a","alternateName":"Vi\u00f1os da Provincia de A Coru\u00f1a","url":"https:\/\/xn--viosdacorua-2dbi.gal\/es\/","logo":{"@type":"ImageObject","inLanguage":"es","@id":"https:\/\/xn--viosdacorua-2dbi.gal\/es\/#\/schema\/logo\/image\/","url":"https:\/\/xn--viosdacorua-2dbi.gal\/wp-content\/uploads\/2024\/12\/logo_vinhos.jpg","contentUrl":"https:\/\/xn--viosdacorua-2dbi.gal\/wp-content\/uploads\/2024\/12\/logo_vinhos.jpg","width":1600,"height":563,"caption":"Vi\u00f1os da Provincia de A Coru\u00f1a"},"image":{"@id":"https:\/\/xn--viosdacorua-2dbi.gal\/es\/#\/schema\/logo\/image\/"}},{"@type":"Person","@id":"https:\/\/xn--viosdacorua-2dbi.gal\/es\/#\/schema\/person\/9e44d783c77ee4a2849056330ba9c877","name":"Roberto Noguerol","image":{"@type":"ImageObject","inLanguage":"es","@id":"https:\/\/xn--viosdacorua-2dbi.gal\/es\/#\/schema\/person\/image\/","url":"https:\/\/secure.gravatar.com\/avatar\/9e2c65b23cebcab7beabd8fbdfc0e353?s=96&d=mm&r=g","contentUrl":"https:\/\/secure.gravatar.com\/avatar\/9e2c65b23cebcab7beabd8fbdfc0e353?s=96&d=mm&r=g","caption":"Roberto Noguerol"},"url":"https:\/\/xn--viosdacorua-2dbi.gal\/es\/blog\/author\/roberto\/"}]}},"_links":{"self":[{"href":"https:\/\/xn--viosdacorua-2dbi.gal\/es\/wp-json\/wp\/v2\/posts\/1751","targetHints":{"allow":["GET"]}}],"collection":[{"href":"https:\/\/xn--viosdacorua-2dbi.gal\/es\/wp-json\/wp\/v2\/posts"}],"about":[{"href":"https:\/\/xn--viosdacorua-2dbi.gal\/es\/wp-json\/wp\/v2\/types\/post"}],"author":[{"embeddable":true,"href":"https:\/\/xn--viosdacorua-2dbi.gal\/es\/wp-json\/wp\/v2\/users\/2"}],"replies":[{"embeddable":true,"href":"https:\/\/xn--viosdacorua-2dbi.gal\/es\/wp-json\/wp\/v2\/comments?post=1751"}],"version-history":[{"count":1,"href":"https:\/\/xn--viosdacorua-2dbi.gal\/es\/wp-json\/wp\/v2\/posts\/1751\/revisions"}],"predecessor-version":[{"id":1758,"href":"https:\/\/xn--viosdacorua-2dbi.gal\/es\/wp-json\/wp\/v2\/posts\/1751\/revisions\/1758"}],"wp:featuredmedia":[{"embeddable":true,"href":"https:\/\/xn--viosdacorua-2dbi.gal\/es\/wp-json\/wp\/v2\/media\/1744"}],"wp:attachment":[{"href":"https:\/\/xn--viosdacorua-2dbi.gal\/es\/wp-json\/wp\/v2\/media?parent=1751"}],"wp:term":[{"taxonomy":"category","embeddable":true,"href":"https:\/\/xn--viosdacorua-2dbi.gal\/es\/wp-json\/wp\/v2\/categories?post=1751"},{"taxonomy":"post_tag","embeddable":true,"href":"https:\/\/xn--viosdacorua-2dbi.gal\/es\/wp-json\/wp\/v2\/tags?post=1751"}],"curies":[{"name":"wp","href":"https:\/\/api.w.org\/{rel}","templated":true}]}}