{"id":1797,"date":"2025-03-10T14:42:00","date_gmt":"2025-03-10T13:42:00","guid":{"rendered":"https:\/\/xn--viosdacorua-2dbi.gal\/blog\/2025\/03\/10\/adegas-bordel-mostrou-os-seus-vinos-en-biocultura-2025\/"},"modified":"2025-05-06T14:43:23","modified_gmt":"2025-05-06T12:43:23","slug":"adegas-bordel-mostrou-os-seus-vinos-en-biocultura-2025","status":"publish","type":"post","link":"https:\/\/xn--viosdacorua-2dbi.gal\/es\/blog\/2025\/03\/10\/adegas-bordel-mostrou-os-seus-vinos-en-biocultura-2025\/","title":{"rendered":"Adegas Bordel mostrou os seus vi\u00f1os en BioCultura 2025"},"content":{"rendered":"\n<p><em>Entre o 7 e o 9 de marzo, en EXPOCoru\u00f1a.<\/em><\/p>\n\n\n\n<figure class=\"wp-block-image size-full\"><img fetchpriority=\"high\" decoding=\"async\" width=\"1000\" height=\"750\" src=\"https:\/\/xn--viosdacorua-2dbi.gal\/wp-content\/uploads\/2025\/05\/adegas-Bordel-en-BioCultura-2025.jpg\" alt=\"\" class=\"wp-image-1794\" srcset=\"https:\/\/xn--viosdacorua-2dbi.gal\/wp-content\/uploads\/2025\/05\/adegas-Bordel-en-BioCultura-2025.jpg 1000w, https:\/\/xn--viosdacorua-2dbi.gal\/wp-content\/uploads\/2025\/05\/adegas-Bordel-en-BioCultura-2025-300x225.jpg 300w, https:\/\/xn--viosdacorua-2dbi.gal\/wp-content\/uploads\/2025\/05\/adegas-Bordel-en-BioCultura-2025-768x576.jpg 768w\" sizes=\"(max-width: 1000px) 100vw, 1000px\" \/><\/figure>\n\n\n\n<p>A m\u00e1is grande iniciativa de proxecci\u00f3n de produtos ecol\u00f3xicos e ecoturismo a nivel estatal, BioCultura, ten en tempos recentes unha das s\u00faas citas na cidade da Coru\u00f1a. Al\u00ed, e nesta edici\u00f3n 2025, no espazo Reserva da Biosfera \u2013 Mari\u00f1as Coru\u00f1esas, os vi\u00f1os da zona tiveron tam\u00e9n protagonismo.<\/p>\n\n\n\n<p>Entre os m\u00e1is de 150 expositores dedicados aos sectores da alimentaci\u00f3n relacionados, estivo tam\u00e9n \u201cAdegas Bordel\u201d, co seu propietario, Xos\u00e9 Antonio Meixide, Tonecho, \u00e1 fronte, canda a s\u00faa muller tam\u00e9n fundadora deste proxecto en 2010. Meixide, reco\u00f1ecido experto e tam\u00e9n profesor de viticultura, salientou as caracter\u00edsticas \u00fanicas que lle outorga a castes como, especialmente, o branco lex\u00edtimo, as condici\u00f3ns agroclim\u00e1ticas do espazo da Biosfera.<\/p>\n\n\n\n<figure class=\"wp-block-embed is-type-wp-embed is-provider-vi-os-da-coru-a wp-block-embed-vi-os-da-coru-a\"><div class=\"wp-block-embed__wrapper\">\n<blockquote class=\"wp-embedded-content\" data-secret=\"3GjBi1Fuu0\"><a href=\"https:\/\/xn--viosdacorua-2dbi.gal\/blog\/2024\/10\/28\/meu-pai-xa-coidaba-as-vides-e-ademais-a-uva-e-o-vino-forma-parte-da-nosa-cultura\/\">\u201cMeu pai xa coidaba as vides e ademais a uva e o vi\u00f1o forma parte da nosa cultura\u201d<\/a><\/blockquote><iframe class=\"wp-embedded-content\" sandbox=\"allow-scripts\" security=\"restricted\" style=\"position: absolute; visibility: hidden;\" title=\"&#8220;\u201cMeu pai xa coidaba as vides e ademais a uva e o vi\u00f1o forma parte da nosa cultura\u201d&#8221; &#8212; Vi\u00f1os da Coru\u00f1a\" src=\"https:\/\/xn--viosdacorua-2dbi.gal\/blog\/2024\/10\/28\/meu-pai-xa-coidaba-as-vides-e-ademais-a-uva-e-o-vino-forma-parte-da-nosa-cultura\/embed\/#?secret=gfDs2FvPKH#?secret=3GjBi1Fuu0\" data-secret=\"3GjBi1Fuu0\" width=\"600\" height=\"338\" frameborder=\"0\" marginwidth=\"0\" marginheight=\"0\" scrolling=\"no\"><\/iframe>\n<\/div><\/figure>\n","protected":false},"excerpt":{"rendered":"<p>Entre o 7 e o 9 de marzo, en EXPOCoru\u00f1a. A m\u00e1is grande iniciativa de proxecci\u00f3n de produtos ecol\u00f3xicos e ecoturismo a nivel estatal, BioCultura, ten en tempos recentes unha das s\u00faas citas na cidade da Coru\u00f1a. Al\u00ed, e nesta edici\u00f3n 2025, no espazo Reserva da Biosfera \u2013 Mari\u00f1as Coru\u00f1esas, os vi\u00f1os da zona tiveron [&hellip;]<\/p>\n","protected":false},"author":2,"featured_media":1795,"comment_status":"open","ping_status":"open","sticky":false,"template":"","format":"standard","meta":{"footnotes":""},"categories":[4],"tags":[],"class_list":["post-1797","post","type-post","status-publish","format-standard","has-post-thumbnail","hentry","category-sin-categorizar"],"yoast_head":"<!-- This site is optimized with the Yoast SEO plugin v24.0 - https:\/\/yoast.com\/wordpress\/plugins\/seo\/ -->\n<title>Adegas Bordel mostrou os seus vi\u00f1os en BioCultura 2025 - Vi\u00f1os da Coru\u00f1a<\/title>\n<meta name=\"robots\" content=\"index, follow, max-snippet:-1, max-image-preview:large, max-video-preview:-1\" \/>\n<link rel=\"canonical\" href=\"https:\/\/xn--viosdacorua-2dbi.gal\/es\/blog\/2025\/03\/10\/adegas-bordel-mostrou-os-seus-vinos-en-biocultura-2025\/\" \/>\n<meta property=\"og:locale\" content=\"es_ES\" \/>\n<meta property=\"og:type\" content=\"article\" \/>\n<meta property=\"og:title\" content=\"Adegas Bordel mostrou os seus vi\u00f1os en BioCultura 2025 - Vi\u00f1os da Coru\u00f1a\" \/>\n<meta property=\"og:description\" content=\"Entre o 7 e o 9 de marzo, en EXPOCoru\u00f1a. A m\u00e1is grande iniciativa de proxecci\u00f3n de produtos ecol\u00f3xicos e ecoturismo a nivel estatal, BioCultura, ten en tempos recentes unha das s\u00faas citas na cidade da Coru\u00f1a. Al\u00ed, e nesta edici\u00f3n 2025, no espazo Reserva da Biosfera \u2013 Mari\u00f1as Coru\u00f1esas, os vi\u00f1os da zona tiveron [&hellip;]\" \/>\n<meta property=\"og:url\" content=\"https:\/\/xn--viosdacorua-2dbi.gal\/es\/blog\/2025\/03\/10\/adegas-bordel-mostrou-os-seus-vinos-en-biocultura-2025\/\" \/>\n<meta property=\"og:site_name\" content=\"Vi\u00f1os da Coru\u00f1a\" \/>\n<meta property=\"article:published_time\" content=\"2025-03-10T13:42:00+00:00\" \/>\n<meta property=\"article:modified_time\" content=\"2025-05-06T12:43:23+00:00\" \/>\n<meta property=\"og:image\" content=\"https:\/\/xn--viosdacorua-2dbi.gal\/wp-content\/uploads\/2025\/05\/adegas-Bordel-en-BioCultura-2025.jpg\" \/>\n\t<meta property=\"og:image:width\" content=\"1000\" \/>\n\t<meta property=\"og:image:height\" content=\"750\" \/>\n\t<meta property=\"og:image:type\" content=\"image\/jpeg\" \/>\n<meta name=\"author\" content=\"Roberto Noguerol\" \/>\n<meta name=\"twitter:card\" content=\"summary_large_image\" \/>\n<meta name=\"twitter:label1\" content=\"Escrito por\" \/>\n\t<meta name=\"twitter:data1\" content=\"Roberto Noguerol\" \/>\n\t<meta name=\"twitter:label2\" content=\"Tiempo de lectura\" \/>\n\t<meta name=\"twitter:data2\" content=\"2 minutos\" \/>\n<script type=\"application\/ld+json\" class=\"yoast-schema-graph\">{\"@context\":\"https:\/\/schema.org\",\"@graph\":[{\"@type\":\"Article\",\"@id\":\"https:\/\/xn--viosdacorua-2dbi.gal\/es\/blog\/2025\/03\/10\/adegas-bordel-mostrou-os-seus-vinos-en-biocultura-2025\/#article\",\"isPartOf\":{\"@id\":\"https:\/\/xn--viosdacorua-2dbi.gal\/es\/blog\/2025\/03\/10\/adegas-bordel-mostrou-os-seus-vinos-en-biocultura-2025\/\"},\"author\":{\"name\":\"Roberto Noguerol\",\"@id\":\"https:\/\/xn--viosdacorua-2dbi.gal\/es\/#\/schema\/person\/9e44d783c77ee4a2849056330ba9c877\"},\"headline\":\"Adegas Bordel mostrou os seus vi\u00f1os en BioCultura 2025\",\"datePublished\":\"2025-03-10T13:42:00+00:00\",\"dateModified\":\"2025-05-06T12:43:23+00:00\",\"mainEntityOfPage\":{\"@id\":\"https:\/\/xn--viosdacorua-2dbi.gal\/es\/blog\/2025\/03\/10\/adegas-bordel-mostrou-os-seus-vinos-en-biocultura-2025\/\"},\"wordCount\":151,\"commentCount\":0,\"publisher\":{\"@id\":\"https:\/\/xn--viosdacorua-2dbi.gal\/es\/#organization\"},\"image\":{\"@id\":\"https:\/\/xn--viosdacorua-2dbi.gal\/es\/blog\/2025\/03\/10\/adegas-bordel-mostrou-os-seus-vinos-en-biocultura-2025\/#primaryimage\"},\"thumbnailUrl\":\"https:\/\/xn--viosdacorua-2dbi.gal\/wp-content\/uploads\/2025\/05\/adegas-Bordel-en-BioCultura-2025.jpg\",\"articleSection\":[\"Sin categorizar\"],\"inLanguage\":\"es\",\"potentialAction\":[{\"@type\":\"CommentAction\",\"name\":\"Comment\",\"target\":[\"https:\/\/xn--viosdacorua-2dbi.gal\/es\/blog\/2025\/03\/10\/adegas-bordel-mostrou-os-seus-vinos-en-biocultura-2025\/#respond\"]}]},{\"@type\":\"WebPage\",\"@id\":\"https:\/\/xn--viosdacorua-2dbi.gal\/es\/blog\/2025\/03\/10\/adegas-bordel-mostrou-os-seus-vinos-en-biocultura-2025\/\",\"url\":\"https:\/\/xn--viosdacorua-2dbi.gal\/es\/blog\/2025\/03\/10\/adegas-bordel-mostrou-os-seus-vinos-en-biocultura-2025\/\",\"name\":\"Adegas Bordel mostrou os seus vi\u00f1os en BioCultura 2025 - Vi\u00f1os da Coru\u00f1a\",\"isPartOf\":{\"@id\":\"https:\/\/xn--viosdacorua-2dbi.gal\/es\/#website\"},\"primaryImageOfPage\":{\"@id\":\"https:\/\/xn--viosdacorua-2dbi.gal\/es\/blog\/2025\/03\/10\/adegas-bordel-mostrou-os-seus-vinos-en-biocultura-2025\/#primaryimage\"},\"image\":{\"@id\":\"https:\/\/xn--viosdacorua-2dbi.gal\/es\/blog\/2025\/03\/10\/adegas-bordel-mostrou-os-seus-vinos-en-biocultura-2025\/#primaryimage\"},\"thumbnailUrl\":\"https:\/\/xn--viosdacorua-2dbi.gal\/wp-content\/uploads\/2025\/05\/adegas-Bordel-en-BioCultura-2025.jpg\",\"datePublished\":\"2025-03-10T13:42:00+00:00\",\"dateModified\":\"2025-05-06T12:43:23+00:00\",\"breadcrumb\":{\"@id\":\"https:\/\/xn--viosdacorua-2dbi.gal\/es\/blog\/2025\/03\/10\/adegas-bordel-mostrou-os-seus-vinos-en-biocultura-2025\/#breadcrumb\"},\"inLanguage\":\"es\",\"potentialAction\":[{\"@type\":\"ReadAction\",\"target\":[\"https:\/\/xn--viosdacorua-2dbi.gal\/es\/blog\/2025\/03\/10\/adegas-bordel-mostrou-os-seus-vinos-en-biocultura-2025\/\"]}]},{\"@type\":\"ImageObject\",\"inLanguage\":\"es\",\"@id\":\"https:\/\/xn--viosdacorua-2dbi.gal\/es\/blog\/2025\/03\/10\/adegas-bordel-mostrou-os-seus-vinos-en-biocultura-2025\/#primaryimage\",\"url\":\"https:\/\/xn--viosdacorua-2dbi.gal\/wp-content\/uploads\/2025\/05\/adegas-Bordel-en-BioCultura-2025.jpg\",\"contentUrl\":\"https:\/\/xn--viosdacorua-2dbi.gal\/wp-content\/uploads\/2025\/05\/adegas-Bordel-en-BioCultura-2025.jpg\",\"width\":1000,\"height\":750},{\"@type\":\"BreadcrumbList\",\"@id\":\"https:\/\/xn--viosdacorua-2dbi.gal\/es\/blog\/2025\/03\/10\/adegas-bordel-mostrou-os-seus-vinos-en-biocultura-2025\/#breadcrumb\",\"itemListElement\":[{\"@type\":\"ListItem\",\"position\":1,\"name\":\"Inicio\",\"item\":\"https:\/\/xn--viosdacorua-2dbi.gal\/es\/\"},{\"@type\":\"ListItem\",\"position\":2,\"name\":\"Adegas Bordel mostrou os seus vi\u00f1os en BioCultura 2025\"}]},{\"@type\":\"WebSite\",\"@id\":\"https:\/\/xn--viosdacorua-2dbi.gal\/es\/#website\",\"url\":\"https:\/\/xn--viosdacorua-2dbi.gal\/es\/\",\"name\":\"Vi\u00f1os da Coru\u00f1a\",\"description\":\"Os vi\u00f1os da Coru\u00f1a\",\"publisher\":{\"@id\":\"https:\/\/xn--viosdacorua-2dbi.gal\/es\/#organization\"},\"alternateName\":\"Vi\u00f1os da provincia da Coru\u00f1a\",\"potentialAction\":[{\"@type\":\"SearchAction\",\"target\":{\"@type\":\"EntryPoint\",\"urlTemplate\":\"https:\/\/xn--viosdacorua-2dbi.gal\/es\/?s={search_term_string}\"},\"query-input\":{\"@type\":\"PropertyValueSpecification\",\"valueRequired\":true,\"valueName\":\"search_term_string\"}}],\"inLanguage\":\"es\"},{\"@type\":\"Organization\",\"@id\":\"https:\/\/xn--viosdacorua-2dbi.gal\/es\/#organization\",\"name\":\"Vi\u00f1os da Provincia de A Coru\u00f1a\",\"alternateName\":\"Vi\u00f1os da Provincia de A Coru\u00f1a\",\"url\":\"https:\/\/xn--viosdacorua-2dbi.gal\/es\/\",\"logo\":{\"@type\":\"ImageObject\",\"inLanguage\":\"es\",\"@id\":\"https:\/\/xn--viosdacorua-2dbi.gal\/es\/#\/schema\/logo\/image\/\",\"url\":\"https:\/\/xn--viosdacorua-2dbi.gal\/wp-content\/uploads\/2024\/12\/logo_vinhos.jpg\",\"contentUrl\":\"https:\/\/xn--viosdacorua-2dbi.gal\/wp-content\/uploads\/2024\/12\/logo_vinhos.jpg\",\"width\":1600,\"height\":563,\"caption\":\"Vi\u00f1os da Provincia de A Coru\u00f1a\"},\"image\":{\"@id\":\"https:\/\/xn--viosdacorua-2dbi.gal\/es\/#\/schema\/logo\/image\/\"}},{\"@type\":\"Person\",\"@id\":\"https:\/\/xn--viosdacorua-2dbi.gal\/es\/#\/schema\/person\/9e44d783c77ee4a2849056330ba9c877\",\"name\":\"Roberto Noguerol\",\"image\":{\"@type\":\"ImageObject\",\"inLanguage\":\"es\",\"@id\":\"https:\/\/xn--viosdacorua-2dbi.gal\/es\/#\/schema\/person\/image\/\",\"url\":\"https:\/\/secure.gravatar.com\/avatar\/9e2c65b23cebcab7beabd8fbdfc0e353?s=96&d=mm&r=g\",\"contentUrl\":\"https:\/\/secure.gravatar.com\/avatar\/9e2c65b23cebcab7beabd8fbdfc0e353?s=96&d=mm&r=g\",\"caption\":\"Roberto Noguerol\"},\"url\":\"https:\/\/xn--viosdacorua-2dbi.gal\/es\/blog\/author\/roberto\/\"}]}<\/script>\n<!-- \/ Yoast SEO plugin. -->","yoast_head_json":{"title":"Adegas Bordel mostrou os seus vi\u00f1os en BioCultura 2025 - Vi\u00f1os da Coru\u00f1a","robots":{"index":"index","follow":"follow","max-snippet":"max-snippet:-1","max-image-preview":"max-image-preview:large","max-video-preview":"max-video-preview:-1"},"canonical":"https:\/\/xn--viosdacorua-2dbi.gal\/es\/blog\/2025\/03\/10\/adegas-bordel-mostrou-os-seus-vinos-en-biocultura-2025\/","og_locale":"es_ES","og_type":"article","og_title":"Adegas Bordel mostrou os seus vi\u00f1os en BioCultura 2025 - Vi\u00f1os da Coru\u00f1a","og_description":"Entre o 7 e o 9 de marzo, en EXPOCoru\u00f1a. A m\u00e1is grande iniciativa de proxecci\u00f3n de produtos ecol\u00f3xicos e ecoturismo a nivel estatal, BioCultura, ten en tempos recentes unha das s\u00faas citas na cidade da Coru\u00f1a. Al\u00ed, e nesta edici\u00f3n 2025, no espazo Reserva da Biosfera \u2013 Mari\u00f1as Coru\u00f1esas, os vi\u00f1os da zona tiveron [&hellip;]","og_url":"https:\/\/xn--viosdacorua-2dbi.gal\/es\/blog\/2025\/03\/10\/adegas-bordel-mostrou-os-seus-vinos-en-biocultura-2025\/","og_site_name":"Vi\u00f1os da Coru\u00f1a","article_published_time":"2025-03-10T13:42:00+00:00","article_modified_time":"2025-05-06T12:43:23+00:00","og_image":[{"width":1000,"height":750,"url":"https:\/\/xn--viosdacorua-2dbi.gal\/wp-content\/uploads\/2025\/05\/adegas-Bordel-en-BioCultura-2025.jpg","type":"image\/jpeg"}],"author":"Roberto Noguerol","twitter_card":"summary_large_image","twitter_misc":{"Escrito por":"Roberto Noguerol","Tiempo de lectura":"2 minutos"},"schema":{"@context":"https:\/\/schema.org","@graph":[{"@type":"Article","@id":"https:\/\/xn--viosdacorua-2dbi.gal\/es\/blog\/2025\/03\/10\/adegas-bordel-mostrou-os-seus-vinos-en-biocultura-2025\/#article","isPartOf":{"@id":"https:\/\/xn--viosdacorua-2dbi.gal\/es\/blog\/2025\/03\/10\/adegas-bordel-mostrou-os-seus-vinos-en-biocultura-2025\/"},"author":{"name":"Roberto Noguerol","@id":"https:\/\/xn--viosdacorua-2dbi.gal\/es\/#\/schema\/person\/9e44d783c77ee4a2849056330ba9c877"},"headline":"Adegas Bordel mostrou os seus vi\u00f1os en BioCultura 2025","datePublished":"2025-03-10T13:42:00+00:00","dateModified":"2025-05-06T12:43:23+00:00","mainEntityOfPage":{"@id":"https:\/\/xn--viosdacorua-2dbi.gal\/es\/blog\/2025\/03\/10\/adegas-bordel-mostrou-os-seus-vinos-en-biocultura-2025\/"},"wordCount":151,"commentCount":0,"publisher":{"@id":"https:\/\/xn--viosdacorua-2dbi.gal\/es\/#organization"},"image":{"@id":"https:\/\/xn--viosdacorua-2dbi.gal\/es\/blog\/2025\/03\/10\/adegas-bordel-mostrou-os-seus-vinos-en-biocultura-2025\/#primaryimage"},"thumbnailUrl":"https:\/\/xn--viosdacorua-2dbi.gal\/wp-content\/uploads\/2025\/05\/adegas-Bordel-en-BioCultura-2025.jpg","articleSection":["Sin categorizar"],"inLanguage":"es","potentialAction":[{"@type":"CommentAction","name":"Comment","target":["https:\/\/xn--viosdacorua-2dbi.gal\/es\/blog\/2025\/03\/10\/adegas-bordel-mostrou-os-seus-vinos-en-biocultura-2025\/#respond"]}]},{"@type":"WebPage","@id":"https:\/\/xn--viosdacorua-2dbi.gal\/es\/blog\/2025\/03\/10\/adegas-bordel-mostrou-os-seus-vinos-en-biocultura-2025\/","url":"https:\/\/xn--viosdacorua-2dbi.gal\/es\/blog\/2025\/03\/10\/adegas-bordel-mostrou-os-seus-vinos-en-biocultura-2025\/","name":"Adegas Bordel mostrou os seus vi\u00f1os en BioCultura 2025 - Vi\u00f1os da Coru\u00f1a","isPartOf":{"@id":"https:\/\/xn--viosdacorua-2dbi.gal\/es\/#website"},"primaryImageOfPage":{"@id":"https:\/\/xn--viosdacorua-2dbi.gal\/es\/blog\/2025\/03\/10\/adegas-bordel-mostrou-os-seus-vinos-en-biocultura-2025\/#primaryimage"},"image":{"@id":"https:\/\/xn--viosdacorua-2dbi.gal\/es\/blog\/2025\/03\/10\/adegas-bordel-mostrou-os-seus-vinos-en-biocultura-2025\/#primaryimage"},"thumbnailUrl":"https:\/\/xn--viosdacorua-2dbi.gal\/wp-content\/uploads\/2025\/05\/adegas-Bordel-en-BioCultura-2025.jpg","datePublished":"2025-03-10T13:42:00+00:00","dateModified":"2025-05-06T12:43:23+00:00","breadcrumb":{"@id":"https:\/\/xn--viosdacorua-2dbi.gal\/es\/blog\/2025\/03\/10\/adegas-bordel-mostrou-os-seus-vinos-en-biocultura-2025\/#breadcrumb"},"inLanguage":"es","potentialAction":[{"@type":"ReadAction","target":["https:\/\/xn--viosdacorua-2dbi.gal\/es\/blog\/2025\/03\/10\/adegas-bordel-mostrou-os-seus-vinos-en-biocultura-2025\/"]}]},{"@type":"ImageObject","inLanguage":"es","@id":"https:\/\/xn--viosdacorua-2dbi.gal\/es\/blog\/2025\/03\/10\/adegas-bordel-mostrou-os-seus-vinos-en-biocultura-2025\/#primaryimage","url":"https:\/\/xn--viosdacorua-2dbi.gal\/wp-content\/uploads\/2025\/05\/adegas-Bordel-en-BioCultura-2025.jpg","contentUrl":"https:\/\/xn--viosdacorua-2dbi.gal\/wp-content\/uploads\/2025\/05\/adegas-Bordel-en-BioCultura-2025.jpg","width":1000,"height":750},{"@type":"BreadcrumbList","@id":"https:\/\/xn--viosdacorua-2dbi.gal\/es\/blog\/2025\/03\/10\/adegas-bordel-mostrou-os-seus-vinos-en-biocultura-2025\/#breadcrumb","itemListElement":[{"@type":"ListItem","position":1,"name":"Inicio","item":"https:\/\/xn--viosdacorua-2dbi.gal\/es\/"},{"@type":"ListItem","position":2,"name":"Adegas Bordel mostrou os seus vi\u00f1os en BioCultura 2025"}]},{"@type":"WebSite","@id":"https:\/\/xn--viosdacorua-2dbi.gal\/es\/#website","url":"https:\/\/xn--viosdacorua-2dbi.gal\/es\/","name":"Vi\u00f1os da Coru\u00f1a","description":"Os vi\u00f1os da Coru\u00f1a","publisher":{"@id":"https:\/\/xn--viosdacorua-2dbi.gal\/es\/#organization"},"alternateName":"Vi\u00f1os da provincia da Coru\u00f1a","potentialAction":[{"@type":"SearchAction","target":{"@type":"EntryPoint","urlTemplate":"https:\/\/xn--viosdacorua-2dbi.gal\/es\/?s={search_term_string}"},"query-input":{"@type":"PropertyValueSpecification","valueRequired":true,"valueName":"search_term_string"}}],"inLanguage":"es"},{"@type":"Organization","@id":"https:\/\/xn--viosdacorua-2dbi.gal\/es\/#organization","name":"Vi\u00f1os da Provincia de A Coru\u00f1a","alternateName":"Vi\u00f1os da Provincia de A Coru\u00f1a","url":"https:\/\/xn--viosdacorua-2dbi.gal\/es\/","logo":{"@type":"ImageObject","inLanguage":"es","@id":"https:\/\/xn--viosdacorua-2dbi.gal\/es\/#\/schema\/logo\/image\/","url":"https:\/\/xn--viosdacorua-2dbi.gal\/wp-content\/uploads\/2024\/12\/logo_vinhos.jpg","contentUrl":"https:\/\/xn--viosdacorua-2dbi.gal\/wp-content\/uploads\/2024\/12\/logo_vinhos.jpg","width":1600,"height":563,"caption":"Vi\u00f1os da Provincia de A Coru\u00f1a"},"image":{"@id":"https:\/\/xn--viosdacorua-2dbi.gal\/es\/#\/schema\/logo\/image\/"}},{"@type":"Person","@id":"https:\/\/xn--viosdacorua-2dbi.gal\/es\/#\/schema\/person\/9e44d783c77ee4a2849056330ba9c877","name":"Roberto Noguerol","image":{"@type":"ImageObject","inLanguage":"es","@id":"https:\/\/xn--viosdacorua-2dbi.gal\/es\/#\/schema\/person\/image\/","url":"https:\/\/secure.gravatar.com\/avatar\/9e2c65b23cebcab7beabd8fbdfc0e353?s=96&d=mm&r=g","contentUrl":"https:\/\/secure.gravatar.com\/avatar\/9e2c65b23cebcab7beabd8fbdfc0e353?s=96&d=mm&r=g","caption":"Roberto Noguerol"},"url":"https:\/\/xn--viosdacorua-2dbi.gal\/es\/blog\/author\/roberto\/"}]}},"_links":{"self":[{"href":"https:\/\/xn--viosdacorua-2dbi.gal\/es\/wp-json\/wp\/v2\/posts\/1797","targetHints":{"allow":["GET"]}}],"collection":[{"href":"https:\/\/xn--viosdacorua-2dbi.gal\/es\/wp-json\/wp\/v2\/posts"}],"about":[{"href":"https:\/\/xn--viosdacorua-2dbi.gal\/es\/wp-json\/wp\/v2\/types\/post"}],"author":[{"embeddable":true,"href":"https:\/\/xn--viosdacorua-2dbi.gal\/es\/wp-json\/wp\/v2\/users\/2"}],"replies":[{"embeddable":true,"href":"https:\/\/xn--viosdacorua-2dbi.gal\/es\/wp-json\/wp\/v2\/comments?post=1797"}],"version-history":[{"count":1,"href":"https:\/\/xn--viosdacorua-2dbi.gal\/es\/wp-json\/wp\/v2\/posts\/1797\/revisions"}],"predecessor-version":[{"id":1798,"href":"https:\/\/xn--viosdacorua-2dbi.gal\/es\/wp-json\/wp\/v2\/posts\/1797\/revisions\/1798"}],"wp:featuredmedia":[{"embeddable":true,"href":"https:\/\/xn--viosdacorua-2dbi.gal\/es\/wp-json\/wp\/v2\/media\/1795"}],"wp:attachment":[{"href":"https:\/\/xn--viosdacorua-2dbi.gal\/es\/wp-json\/wp\/v2\/media?parent=1797"}],"wp:term":[{"taxonomy":"category","embeddable":true,"href":"https:\/\/xn--viosdacorua-2dbi.gal\/es\/wp-json\/wp\/v2\/categories?post=1797"},{"taxonomy":"post_tag","embeddable":true,"href":"https:\/\/xn--viosdacorua-2dbi.gal\/es\/wp-json\/wp\/v2\/tags?post=1797"}],"curies":[{"name":"wp","href":"https:\/\/api.w.org\/{rel}","templated":true}]}}