{"id":1863,"date":"2025-10-06T20:29:00","date_gmt":"2025-10-06T18:29:00","guid":{"rendered":"https:\/\/xn--viosdacorua-2dbi.gal\/blog\/2025\/10\/06\/adegas-bordel-premiada-na-xvii-edicion-de-bacelos-de-prata\/"},"modified":"2025-11-18T20:34:56","modified_gmt":"2025-11-18T19:34:56","slug":"adegas-bordel-premiada-na-xvii-edicion-de-bacelos-de-prata","status":"publish","type":"post","link":"https:\/\/xn--viosdacorua-2dbi.gal\/es\/blog\/2025\/10\/06\/adegas-bordel-premiada-na-xvii-edicion-de-bacelos-de-prata\/","title":{"rendered":"Adegas Bordel premiada en la XVII edici\u00f3n de Bacelos de Prata"},"content":{"rendered":"\n<figure class=\"wp-block-image size-full\"><img fetchpriority=\"high\" decoding=\"async\" width=\"1000\" height=\"750\" src=\"https:\/\/xn--viosdacorua-2dbi.gal\/wp-content\/uploads\/2025\/11\/entrega-premios-Bacelos-de-Prata-2025-foto-Asociacion-Alvaro-das-Casas.jpg\" alt=\"\" class=\"wp-image-1860\" srcset=\"https:\/\/xn--viosdacorua-2dbi.gal\/wp-content\/uploads\/2025\/11\/entrega-premios-Bacelos-de-Prata-2025-foto-Asociacion-Alvaro-das-Casas.jpg 1000w, https:\/\/xn--viosdacorua-2dbi.gal\/wp-content\/uploads\/2025\/11\/entrega-premios-Bacelos-de-Prata-2025-foto-Asociacion-Alvaro-das-Casas-300x225.jpg 300w, https:\/\/xn--viosdacorua-2dbi.gal\/wp-content\/uploads\/2025\/11\/entrega-premios-Bacelos-de-Prata-2025-foto-Asociacion-Alvaro-das-Casas-768x576.jpg 768w\" sizes=\"(max-width: 1000px) 100vw, 1000px\" \/><\/figure>\n\n\n\n<p>El pasado 5 de octubre tuvo lugar en Esposende, Ribadavia, el acto de entrega de la XVII edici\u00f3n de los Premios Bacelos de Prata. Estos premios reconocen la labor de empresas, entidades o personas ejemplares en su compromiso con la lengua gallega. En esta edici\u00f3n 2025, los reconocimientos fueron para Adegas Bordel y Embutidos Lalinense.<\/p>\n\n\n\n<p><a href=\"https:\/\/adega.xn--viosdacorua-2dbi.gal\/bordel\/\" target=\"_blank\" rel=\"noreferrer noopener\">Adegas Bordel<\/a>, con sede en Abegondo, y fundada en 2010 por Xos\u00e9 Antonio Meixide Fern\u00e1ndez, fue as\u00ed reconocida por su apuesta por el uso del idioma gallego en el etiquetado y publicidad de sus vinos. Los Bacelos de Prata son organizados por la Asociaci\u00f3n \u00c1lvaro das Casas. <\/p>\n\n\n\n<p>El acta del jurado dice as\u00ed sobre el trabajo de Adegas Bordel:<\/p>\n\n\n\n<p><em>\u201cADEGAS BORDEL, adega familiar situada en Sarand\u00f3ns, Abegondo (A Coru\u00f1a), integrada na IXP Vi\u00f1o da Terra de Betanzos, que no ano 2006 iniciou un proxecto de recuperaci\u00f3n vitivin\u00edcola nesta comarca hist\u00f3rica culminado en 2018 coa creaci\u00f3n da s\u00faa propia adega recuperando castes aut\u00f3ctonas como o Branco Lex\u00edtimo e o Agudelo e que xunto coas Menc\u00eda, Brancellao e Merenzao, elabora vi\u00f1os de reco\u00f1ecida calidade como Bordelar, Xeixedo e Bordelar Tinto, contribu\u00edndo a devolver prestixio a unha zona que estivera practicamente desaparecida trala filoxera. Desde o inicio da andaina mant\u00e9n un compromiso coa lingua galega en toda a actividade empresarial: o etiquetado, a facturaci\u00f3n, a rotulaci\u00f3n das instalaci\u00f3ns e a promoci\u00f3n dos seus produtos realiz\u00e1ndoa integramente en galego. Salienta o xurado que esta aposta polo noso idioma contrib\u00fae activamente ao seu prestixio social e \u00e1 normalizaci\u00f3n como lingua de consumo facendo que chegue con naturalidade aos consumidores e consumidoras\u201d.<\/em><\/p>\n","protected":false},"excerpt":{"rendered":"<p>El pasado 5 de octubre tuvo lugar en Esposende, Ribadavia, el acto de entrega de la XVII edici\u00f3n de los Premios Bacelos de Prata. Estos premios reconocen la labor de empresas, entidades o personas ejemplares en su compromiso con la lengua gallega. En esta edici\u00f3n 2025, los reconocimientos fueron para Adegas Bordel y Embutidos Lalinense. [&hellip;]<\/p>\n","protected":false},"author":2,"featured_media":1861,"comment_status":"open","ping_status":"open","sticky":false,"template":"","format":"standard","meta":{"footnotes":""},"categories":[4],"tags":[],"class_list":["post-1863","post","type-post","status-publish","format-standard","has-post-thumbnail","hentry","category-sin-categorizar"],"yoast_head":"<!-- This site is optimized with the Yoast SEO plugin v24.0 - https:\/\/yoast.com\/wordpress\/plugins\/seo\/ -->\n<title>Adegas Bordel premiada en la XVII edici\u00f3n de Bacelos de Prata - Vi\u00f1os da Coru\u00f1a<\/title>\n<meta name=\"robots\" content=\"index, follow, max-snippet:-1, max-image-preview:large, max-video-preview:-1\" \/>\n<link rel=\"canonical\" href=\"https:\/\/xn--viosdacorua-2dbi.gal\/es\/blog\/2025\/10\/06\/adegas-bordel-premiada-na-xvii-edicion-de-bacelos-de-prata\/\" \/>\n<meta property=\"og:locale\" content=\"es_ES\" \/>\n<meta property=\"og:type\" content=\"article\" \/>\n<meta property=\"og:title\" content=\"Adegas Bordel premiada en la XVII edici\u00f3n de Bacelos de Prata - Vi\u00f1os da Coru\u00f1a\" \/>\n<meta property=\"og:description\" content=\"El pasado 5 de octubre tuvo lugar en Esposende, Ribadavia, el acto de entrega de la XVII edici\u00f3n de los Premios Bacelos de Prata. Estos premios reconocen la labor de empresas, entidades o personas ejemplares en su compromiso con la lengua gallega. En esta edici\u00f3n 2025, los reconocimientos fueron para Adegas Bordel y Embutidos Lalinense. [&hellip;]\" \/>\n<meta property=\"og:url\" content=\"https:\/\/xn--viosdacorua-2dbi.gal\/es\/blog\/2025\/10\/06\/adegas-bordel-premiada-na-xvii-edicion-de-bacelos-de-prata\/\" \/>\n<meta property=\"og:site_name\" content=\"Vi\u00f1os da Coru\u00f1a\" \/>\n<meta property=\"article:published_time\" content=\"2025-10-06T18:29:00+00:00\" \/>\n<meta property=\"article:modified_time\" content=\"2025-11-18T19:34:56+00:00\" \/>\n<meta property=\"og:image\" content=\"https:\/\/xn--viosdacorua-2dbi.gal\/wp-content\/uploads\/2025\/11\/entrega-premios-Bacelos-de-Prata-2025-foto-Asociacion-Alvaro-das-Casas.jpg\" \/>\n\t<meta property=\"og:image:width\" content=\"1000\" \/>\n\t<meta property=\"og:image:height\" content=\"750\" \/>\n\t<meta property=\"og:image:type\" content=\"image\/jpeg\" \/>\n<meta name=\"author\" content=\"Roberto Noguerol\" \/>\n<meta name=\"twitter:card\" content=\"summary_large_image\" \/>\n<meta name=\"twitter:label1\" content=\"Escrito por\" \/>\n\t<meta name=\"twitter:data1\" content=\"Roberto Noguerol\" \/>\n\t<meta name=\"twitter:label2\" content=\"Tiempo de lectura\" \/>\n\t<meta name=\"twitter:data2\" content=\"2 minutos\" \/>\n<script type=\"application\/ld+json\" class=\"yoast-schema-graph\">{\"@context\":\"https:\/\/schema.org\",\"@graph\":[{\"@type\":\"Article\",\"@id\":\"https:\/\/xn--viosdacorua-2dbi.gal\/es\/blog\/2025\/10\/06\/adegas-bordel-premiada-na-xvii-edicion-de-bacelos-de-prata\/#article\",\"isPartOf\":{\"@id\":\"https:\/\/xn--viosdacorua-2dbi.gal\/es\/blog\/2025\/10\/06\/adegas-bordel-premiada-na-xvii-edicion-de-bacelos-de-prata\/\"},\"author\":{\"name\":\"Roberto Noguerol\",\"@id\":\"https:\/\/xn--viosdacorua-2dbi.gal\/es\/#\/schema\/person\/9e44d783c77ee4a2849056330ba9c877\"},\"headline\":\"Adegas Bordel premiada en la XVII edici\u00f3n de Bacelos de Prata\",\"datePublished\":\"2025-10-06T18:29:00+00:00\",\"dateModified\":\"2025-11-18T19:34:56+00:00\",\"mainEntityOfPage\":{\"@id\":\"https:\/\/xn--viosdacorua-2dbi.gal\/es\/blog\/2025\/10\/06\/adegas-bordel-premiada-na-xvii-edicion-de-bacelos-de-prata\/\"},\"wordCount\":293,\"commentCount\":0,\"publisher\":{\"@id\":\"https:\/\/xn--viosdacorua-2dbi.gal\/es\/#organization\"},\"image\":{\"@id\":\"https:\/\/xn--viosdacorua-2dbi.gal\/es\/blog\/2025\/10\/06\/adegas-bordel-premiada-na-xvii-edicion-de-bacelos-de-prata\/#primaryimage\"},\"thumbnailUrl\":\"https:\/\/xn--viosdacorua-2dbi.gal\/wp-content\/uploads\/2025\/11\/entrega-premios-Bacelos-de-Prata-2025-foto-Asociacion-Alvaro-das-Casas.jpg\",\"articleSection\":[\"Sin categorizar\"],\"inLanguage\":\"es\",\"potentialAction\":[{\"@type\":\"CommentAction\",\"name\":\"Comment\",\"target\":[\"https:\/\/xn--viosdacorua-2dbi.gal\/es\/blog\/2025\/10\/06\/adegas-bordel-premiada-na-xvii-edicion-de-bacelos-de-prata\/#respond\"]}]},{\"@type\":\"WebPage\",\"@id\":\"https:\/\/xn--viosdacorua-2dbi.gal\/es\/blog\/2025\/10\/06\/adegas-bordel-premiada-na-xvii-edicion-de-bacelos-de-prata\/\",\"url\":\"https:\/\/xn--viosdacorua-2dbi.gal\/es\/blog\/2025\/10\/06\/adegas-bordel-premiada-na-xvii-edicion-de-bacelos-de-prata\/\",\"name\":\"Adegas Bordel premiada en la XVII edici\u00f3n de Bacelos de Prata - Vi\u00f1os da Coru\u00f1a\",\"isPartOf\":{\"@id\":\"https:\/\/xn--viosdacorua-2dbi.gal\/es\/#website\"},\"primaryImageOfPage\":{\"@id\":\"https:\/\/xn--viosdacorua-2dbi.gal\/es\/blog\/2025\/10\/06\/adegas-bordel-premiada-na-xvii-edicion-de-bacelos-de-prata\/#primaryimage\"},\"image\":{\"@id\":\"https:\/\/xn--viosdacorua-2dbi.gal\/es\/blog\/2025\/10\/06\/adegas-bordel-premiada-na-xvii-edicion-de-bacelos-de-prata\/#primaryimage\"},\"thumbnailUrl\":\"https:\/\/xn--viosdacorua-2dbi.gal\/wp-content\/uploads\/2025\/11\/entrega-premios-Bacelos-de-Prata-2025-foto-Asociacion-Alvaro-das-Casas.jpg\",\"datePublished\":\"2025-10-06T18:29:00+00:00\",\"dateModified\":\"2025-11-18T19:34:56+00:00\",\"breadcrumb\":{\"@id\":\"https:\/\/xn--viosdacorua-2dbi.gal\/es\/blog\/2025\/10\/06\/adegas-bordel-premiada-na-xvii-edicion-de-bacelos-de-prata\/#breadcrumb\"},\"inLanguage\":\"es\",\"potentialAction\":[{\"@type\":\"ReadAction\",\"target\":[\"https:\/\/xn--viosdacorua-2dbi.gal\/es\/blog\/2025\/10\/06\/adegas-bordel-premiada-na-xvii-edicion-de-bacelos-de-prata\/\"]}]},{\"@type\":\"ImageObject\",\"inLanguage\":\"es\",\"@id\":\"https:\/\/xn--viosdacorua-2dbi.gal\/es\/blog\/2025\/10\/06\/adegas-bordel-premiada-na-xvii-edicion-de-bacelos-de-prata\/#primaryimage\",\"url\":\"https:\/\/xn--viosdacorua-2dbi.gal\/wp-content\/uploads\/2025\/11\/entrega-premios-Bacelos-de-Prata-2025-foto-Asociacion-Alvaro-das-Casas.jpg\",\"contentUrl\":\"https:\/\/xn--viosdacorua-2dbi.gal\/wp-content\/uploads\/2025\/11\/entrega-premios-Bacelos-de-Prata-2025-foto-Asociacion-Alvaro-das-Casas.jpg\",\"width\":1000,\"height\":750},{\"@type\":\"BreadcrumbList\",\"@id\":\"https:\/\/xn--viosdacorua-2dbi.gal\/es\/blog\/2025\/10\/06\/adegas-bordel-premiada-na-xvii-edicion-de-bacelos-de-prata\/#breadcrumb\",\"itemListElement\":[{\"@type\":\"ListItem\",\"position\":1,\"name\":\"Inicio\",\"item\":\"https:\/\/xn--viosdacorua-2dbi.gal\/es\/\"},{\"@type\":\"ListItem\",\"position\":2,\"name\":\"Adegas Bordel premiada en la XVII edici\u00f3n de Bacelos de Prata\"}]},{\"@type\":\"WebSite\",\"@id\":\"https:\/\/xn--viosdacorua-2dbi.gal\/es\/#website\",\"url\":\"https:\/\/xn--viosdacorua-2dbi.gal\/es\/\",\"name\":\"Vi\u00f1os da Coru\u00f1a\",\"description\":\"Os vi\u00f1os da Coru\u00f1a\",\"publisher\":{\"@id\":\"https:\/\/xn--viosdacorua-2dbi.gal\/es\/#organization\"},\"alternateName\":\"Vi\u00f1os da provincia da Coru\u00f1a\",\"potentialAction\":[{\"@type\":\"SearchAction\",\"target\":{\"@type\":\"EntryPoint\",\"urlTemplate\":\"https:\/\/xn--viosdacorua-2dbi.gal\/es\/?s={search_term_string}\"},\"query-input\":{\"@type\":\"PropertyValueSpecification\",\"valueRequired\":true,\"valueName\":\"search_term_string\"}}],\"inLanguage\":\"es\"},{\"@type\":\"Organization\",\"@id\":\"https:\/\/xn--viosdacorua-2dbi.gal\/es\/#organization\",\"name\":\"Vi\u00f1os da Provincia de A Coru\u00f1a\",\"alternateName\":\"Vi\u00f1os da Provincia de A Coru\u00f1a\",\"url\":\"https:\/\/xn--viosdacorua-2dbi.gal\/es\/\",\"logo\":{\"@type\":\"ImageObject\",\"inLanguage\":\"es\",\"@id\":\"https:\/\/xn--viosdacorua-2dbi.gal\/es\/#\/schema\/logo\/image\/\",\"url\":\"https:\/\/xn--viosdacorua-2dbi.gal\/wp-content\/uploads\/2024\/12\/logo_vinhos.jpg\",\"contentUrl\":\"https:\/\/xn--viosdacorua-2dbi.gal\/wp-content\/uploads\/2024\/12\/logo_vinhos.jpg\",\"width\":1600,\"height\":563,\"caption\":\"Vi\u00f1os da Provincia de A Coru\u00f1a\"},\"image\":{\"@id\":\"https:\/\/xn--viosdacorua-2dbi.gal\/es\/#\/schema\/logo\/image\/\"}},{\"@type\":\"Person\",\"@id\":\"https:\/\/xn--viosdacorua-2dbi.gal\/es\/#\/schema\/person\/9e44d783c77ee4a2849056330ba9c877\",\"name\":\"Roberto Noguerol\",\"image\":{\"@type\":\"ImageObject\",\"inLanguage\":\"es\",\"@id\":\"https:\/\/xn--viosdacorua-2dbi.gal\/es\/#\/schema\/person\/image\/\",\"url\":\"https:\/\/secure.gravatar.com\/avatar\/9e2c65b23cebcab7beabd8fbdfc0e353?s=96&d=mm&r=g\",\"contentUrl\":\"https:\/\/secure.gravatar.com\/avatar\/9e2c65b23cebcab7beabd8fbdfc0e353?s=96&d=mm&r=g\",\"caption\":\"Roberto Noguerol\"},\"url\":\"https:\/\/xn--viosdacorua-2dbi.gal\/es\/blog\/author\/roberto\/\"}]}<\/script>\n<!-- \/ Yoast SEO plugin. -->","yoast_head_json":{"title":"Adegas Bordel premiada en la XVII edici\u00f3n de Bacelos de Prata - Vi\u00f1os da Coru\u00f1a","robots":{"index":"index","follow":"follow","max-snippet":"max-snippet:-1","max-image-preview":"max-image-preview:large","max-video-preview":"max-video-preview:-1"},"canonical":"https:\/\/xn--viosdacorua-2dbi.gal\/es\/blog\/2025\/10\/06\/adegas-bordel-premiada-na-xvii-edicion-de-bacelos-de-prata\/","og_locale":"es_ES","og_type":"article","og_title":"Adegas Bordel premiada en la XVII edici\u00f3n de Bacelos de Prata - Vi\u00f1os da Coru\u00f1a","og_description":"El pasado 5 de octubre tuvo lugar en Esposende, Ribadavia, el acto de entrega de la XVII edici\u00f3n de los Premios Bacelos de Prata. Estos premios reconocen la labor de empresas, entidades o personas ejemplares en su compromiso con la lengua gallega. En esta edici\u00f3n 2025, los reconocimientos fueron para Adegas Bordel y Embutidos Lalinense. [&hellip;]","og_url":"https:\/\/xn--viosdacorua-2dbi.gal\/es\/blog\/2025\/10\/06\/adegas-bordel-premiada-na-xvii-edicion-de-bacelos-de-prata\/","og_site_name":"Vi\u00f1os da Coru\u00f1a","article_published_time":"2025-10-06T18:29:00+00:00","article_modified_time":"2025-11-18T19:34:56+00:00","og_image":[{"width":1000,"height":750,"url":"https:\/\/xn--viosdacorua-2dbi.gal\/wp-content\/uploads\/2025\/11\/entrega-premios-Bacelos-de-Prata-2025-foto-Asociacion-Alvaro-das-Casas.jpg","type":"image\/jpeg"}],"author":"Roberto Noguerol","twitter_card":"summary_large_image","twitter_misc":{"Escrito por":"Roberto Noguerol","Tiempo de lectura":"2 minutos"},"schema":{"@context":"https:\/\/schema.org","@graph":[{"@type":"Article","@id":"https:\/\/xn--viosdacorua-2dbi.gal\/es\/blog\/2025\/10\/06\/adegas-bordel-premiada-na-xvii-edicion-de-bacelos-de-prata\/#article","isPartOf":{"@id":"https:\/\/xn--viosdacorua-2dbi.gal\/es\/blog\/2025\/10\/06\/adegas-bordel-premiada-na-xvii-edicion-de-bacelos-de-prata\/"},"author":{"name":"Roberto Noguerol","@id":"https:\/\/xn--viosdacorua-2dbi.gal\/es\/#\/schema\/person\/9e44d783c77ee4a2849056330ba9c877"},"headline":"Adegas Bordel premiada en la XVII edici\u00f3n de Bacelos de Prata","datePublished":"2025-10-06T18:29:00+00:00","dateModified":"2025-11-18T19:34:56+00:00","mainEntityOfPage":{"@id":"https:\/\/xn--viosdacorua-2dbi.gal\/es\/blog\/2025\/10\/06\/adegas-bordel-premiada-na-xvii-edicion-de-bacelos-de-prata\/"},"wordCount":293,"commentCount":0,"publisher":{"@id":"https:\/\/xn--viosdacorua-2dbi.gal\/es\/#organization"},"image":{"@id":"https:\/\/xn--viosdacorua-2dbi.gal\/es\/blog\/2025\/10\/06\/adegas-bordel-premiada-na-xvii-edicion-de-bacelos-de-prata\/#primaryimage"},"thumbnailUrl":"https:\/\/xn--viosdacorua-2dbi.gal\/wp-content\/uploads\/2025\/11\/entrega-premios-Bacelos-de-Prata-2025-foto-Asociacion-Alvaro-das-Casas.jpg","articleSection":["Sin categorizar"],"inLanguage":"es","potentialAction":[{"@type":"CommentAction","name":"Comment","target":["https:\/\/xn--viosdacorua-2dbi.gal\/es\/blog\/2025\/10\/06\/adegas-bordel-premiada-na-xvii-edicion-de-bacelos-de-prata\/#respond"]}]},{"@type":"WebPage","@id":"https:\/\/xn--viosdacorua-2dbi.gal\/es\/blog\/2025\/10\/06\/adegas-bordel-premiada-na-xvii-edicion-de-bacelos-de-prata\/","url":"https:\/\/xn--viosdacorua-2dbi.gal\/es\/blog\/2025\/10\/06\/adegas-bordel-premiada-na-xvii-edicion-de-bacelos-de-prata\/","name":"Adegas Bordel premiada en la XVII edici\u00f3n de Bacelos de Prata - Vi\u00f1os da Coru\u00f1a","isPartOf":{"@id":"https:\/\/xn--viosdacorua-2dbi.gal\/es\/#website"},"primaryImageOfPage":{"@id":"https:\/\/xn--viosdacorua-2dbi.gal\/es\/blog\/2025\/10\/06\/adegas-bordel-premiada-na-xvii-edicion-de-bacelos-de-prata\/#primaryimage"},"image":{"@id":"https:\/\/xn--viosdacorua-2dbi.gal\/es\/blog\/2025\/10\/06\/adegas-bordel-premiada-na-xvii-edicion-de-bacelos-de-prata\/#primaryimage"},"thumbnailUrl":"https:\/\/xn--viosdacorua-2dbi.gal\/wp-content\/uploads\/2025\/11\/entrega-premios-Bacelos-de-Prata-2025-foto-Asociacion-Alvaro-das-Casas.jpg","datePublished":"2025-10-06T18:29:00+00:00","dateModified":"2025-11-18T19:34:56+00:00","breadcrumb":{"@id":"https:\/\/xn--viosdacorua-2dbi.gal\/es\/blog\/2025\/10\/06\/adegas-bordel-premiada-na-xvii-edicion-de-bacelos-de-prata\/#breadcrumb"},"inLanguage":"es","potentialAction":[{"@type":"ReadAction","target":["https:\/\/xn--viosdacorua-2dbi.gal\/es\/blog\/2025\/10\/06\/adegas-bordel-premiada-na-xvii-edicion-de-bacelos-de-prata\/"]}]},{"@type":"ImageObject","inLanguage":"es","@id":"https:\/\/xn--viosdacorua-2dbi.gal\/es\/blog\/2025\/10\/06\/adegas-bordel-premiada-na-xvii-edicion-de-bacelos-de-prata\/#primaryimage","url":"https:\/\/xn--viosdacorua-2dbi.gal\/wp-content\/uploads\/2025\/11\/entrega-premios-Bacelos-de-Prata-2025-foto-Asociacion-Alvaro-das-Casas.jpg","contentUrl":"https:\/\/xn--viosdacorua-2dbi.gal\/wp-content\/uploads\/2025\/11\/entrega-premios-Bacelos-de-Prata-2025-foto-Asociacion-Alvaro-das-Casas.jpg","width":1000,"height":750},{"@type":"BreadcrumbList","@id":"https:\/\/xn--viosdacorua-2dbi.gal\/es\/blog\/2025\/10\/06\/adegas-bordel-premiada-na-xvii-edicion-de-bacelos-de-prata\/#breadcrumb","itemListElement":[{"@type":"ListItem","position":1,"name":"Inicio","item":"https:\/\/xn--viosdacorua-2dbi.gal\/es\/"},{"@type":"ListItem","position":2,"name":"Adegas Bordel premiada en la XVII edici\u00f3n de Bacelos de Prata"}]},{"@type":"WebSite","@id":"https:\/\/xn--viosdacorua-2dbi.gal\/es\/#website","url":"https:\/\/xn--viosdacorua-2dbi.gal\/es\/","name":"Vi\u00f1os da Coru\u00f1a","description":"Os vi\u00f1os da Coru\u00f1a","publisher":{"@id":"https:\/\/xn--viosdacorua-2dbi.gal\/es\/#organization"},"alternateName":"Vi\u00f1os da provincia da Coru\u00f1a","potentialAction":[{"@type":"SearchAction","target":{"@type":"EntryPoint","urlTemplate":"https:\/\/xn--viosdacorua-2dbi.gal\/es\/?s={search_term_string}"},"query-input":{"@type":"PropertyValueSpecification","valueRequired":true,"valueName":"search_term_string"}}],"inLanguage":"es"},{"@type":"Organization","@id":"https:\/\/xn--viosdacorua-2dbi.gal\/es\/#organization","name":"Vi\u00f1os da Provincia de A Coru\u00f1a","alternateName":"Vi\u00f1os da Provincia de A Coru\u00f1a","url":"https:\/\/xn--viosdacorua-2dbi.gal\/es\/","logo":{"@type":"ImageObject","inLanguage":"es","@id":"https:\/\/xn--viosdacorua-2dbi.gal\/es\/#\/schema\/logo\/image\/","url":"https:\/\/xn--viosdacorua-2dbi.gal\/wp-content\/uploads\/2024\/12\/logo_vinhos.jpg","contentUrl":"https:\/\/xn--viosdacorua-2dbi.gal\/wp-content\/uploads\/2024\/12\/logo_vinhos.jpg","width":1600,"height":563,"caption":"Vi\u00f1os da Provincia de A Coru\u00f1a"},"image":{"@id":"https:\/\/xn--viosdacorua-2dbi.gal\/es\/#\/schema\/logo\/image\/"}},{"@type":"Person","@id":"https:\/\/xn--viosdacorua-2dbi.gal\/es\/#\/schema\/person\/9e44d783c77ee4a2849056330ba9c877","name":"Roberto Noguerol","image":{"@type":"ImageObject","inLanguage":"es","@id":"https:\/\/xn--viosdacorua-2dbi.gal\/es\/#\/schema\/person\/image\/","url":"https:\/\/secure.gravatar.com\/avatar\/9e2c65b23cebcab7beabd8fbdfc0e353?s=96&d=mm&r=g","contentUrl":"https:\/\/secure.gravatar.com\/avatar\/9e2c65b23cebcab7beabd8fbdfc0e353?s=96&d=mm&r=g","caption":"Roberto Noguerol"},"url":"https:\/\/xn--viosdacorua-2dbi.gal\/es\/blog\/author\/roberto\/"}]}},"_links":{"self":[{"href":"https:\/\/xn--viosdacorua-2dbi.gal\/es\/wp-json\/wp\/v2\/posts\/1863","targetHints":{"allow":["GET"]}}],"collection":[{"href":"https:\/\/xn--viosdacorua-2dbi.gal\/es\/wp-json\/wp\/v2\/posts"}],"about":[{"href":"https:\/\/xn--viosdacorua-2dbi.gal\/es\/wp-json\/wp\/v2\/types\/post"}],"author":[{"embeddable":true,"href":"https:\/\/xn--viosdacorua-2dbi.gal\/es\/wp-json\/wp\/v2\/users\/2"}],"replies":[{"embeddable":true,"href":"https:\/\/xn--viosdacorua-2dbi.gal\/es\/wp-json\/wp\/v2\/comments?post=1863"}],"version-history":[{"count":1,"href":"https:\/\/xn--viosdacorua-2dbi.gal\/es\/wp-json\/wp\/v2\/posts\/1863\/revisions"}],"predecessor-version":[{"id":1864,"href":"https:\/\/xn--viosdacorua-2dbi.gal\/es\/wp-json\/wp\/v2\/posts\/1863\/revisions\/1864"}],"wp:featuredmedia":[{"embeddable":true,"href":"https:\/\/xn--viosdacorua-2dbi.gal\/es\/wp-json\/wp\/v2\/media\/1861"}],"wp:attachment":[{"href":"https:\/\/xn--viosdacorua-2dbi.gal\/es\/wp-json\/wp\/v2\/media?parent=1863"}],"wp:term":[{"taxonomy":"category","embeddable":true,"href":"https:\/\/xn--viosdacorua-2dbi.gal\/es\/wp-json\/wp\/v2\/categories?post=1863"},{"taxonomy":"post_tag","embeddable":true,"href":"https:\/\/xn--viosdacorua-2dbi.gal\/es\/wp-json\/wp\/v2\/tags?post=1863"}],"curies":[{"name":"wp","href":"https:\/\/api.w.org\/{rel}","templated":true}]}}