{"id":1869,"date":"2025-11-17T20:44:50","date_gmt":"2025-11-17T19:44:50","guid":{"rendered":"https:\/\/xn--viosdacorua-2dbi.gal\/blog\/2025\/11\/17\/nace-avibe-asociacion-de-vinerons-de-betanzos\/"},"modified":"2025-11-18T20:50:52","modified_gmt":"2025-11-18T19:50:52","slug":"nace-avibe-asociacion-de-vinerons-de-betanzos","status":"publish","type":"post","link":"https:\/\/xn--viosdacorua-2dbi.gal\/es\/blog\/2025\/11\/17\/nace-avibe-asociacion-de-vinerons-de-betanzos\/","title":{"rendered":"Nace Avibe, \u201cAsociaci\u00f3n de Vi\u00f1er\u00f3ns de Betanzos\u201d"},"content":{"rendered":"\n<figure class=\"wp-block-image size-full\"><img fetchpriority=\"high\" decoding=\"async\" width=\"625\" height=\"500\" src=\"https:\/\/xn--viosdacorua-2dbi.gal\/wp-content\/uploads\/2025\/11\/avibe-logotipo.jpg\" alt=\"\" class=\"wp-image-1866\" srcset=\"https:\/\/xn--viosdacorua-2dbi.gal\/wp-content\/uploads\/2025\/11\/avibe-logotipo.jpg 625w, https:\/\/xn--viosdacorua-2dbi.gal\/wp-content\/uploads\/2025\/11\/avibe-logotipo-300x240.jpg 300w\" sizes=\"(max-width: 625px) 100vw, 625px\" \/><\/figure>\n\n\n\n<p>Este martes 18 de novembro pres\u00e9ntase na Fundaci\u00f3n Juana de Vega, en Oleiros, \u201cAvibe &#8211; Asociaci\u00f3n de Vi\u00f1erons de Betanzos\u201d.<\/p>\n\n\n\n<p>Na convocatoria para o seu evento fundacional, din as\u00ed:<\/p>\n\n\n\n<p><em>\u201cDetr\u00e1s dun gran vi\u00f1o hai unhas cepas e unha terra que fala, que fala do seu legado, das s\u00faas pedras, dos seus aromas e das s\u00faas xentes.<\/em><\/p>\n\n\n\n<p><em>As terras da IXP de Betanzos hoxe falan e din que precisan que se po\u00f1a en valor e se enxalce o seu patrimonio vitivin\u00edcola. Din que est\u00e1n cansas de anos de abandono e complexos. Os esquistos f\u00e1lannos de hect\u00e1reas de vides, produci\u00f3n e cepas antigas. As cepas c\u00f3ntannos de uvas lex\u00edtimas e doutros acios \u00fanicos e singulares.<\/em><\/p>\n\n\n\n<p><em>Pero s\u00f3 uns poucos cren, traballan e so\u00f1an coa elaboraci\u00f3n innovadora de vi\u00f1os de excelencia e orixe. Vi\u00f1os respectuosos co seu territorio e o seu medio ambiente, coas s\u00faas xentes e o seu patrimonio.<\/em><\/p>\n\n\n\n<p><em>As terras de Betanzos necesitan vi\u00f1er\u00f3ns (do franc\u00e9s \u00abvigneron\u00bb), artes\u00e1ns que controlan os procesos de elaboraci\u00f3n do vi\u00f1o, pero sobre todo, os traballos na vi\u00f1a.<\/em><\/p>\n\n\n\n<p><em>As vi\u00f1as e cepas de Betanzos necesitan adegas que crean no enorme potencial das s\u00faas uvas e das s\u00faas vi\u00f1as.<\/em><\/p>\n\n\n\n<p><em>Os vi\u00f1er\u00f3ns de Betanzos necesitamos do apoio de colectivos, administraci\u00f3n, concellos, empresas, vi\u00f1ateiros e toda persoa amante da viticultura e a natureza.<\/em><\/p>\n\n\n\n<p><em>Por todo isto nace hoxe Avibe, Asociaci\u00f3n de Vi\u00f1er\u00f3ns de Betanzos (IXP), co obxectivo principal de recuperar a nosa identidade vitivin\u00edcola e po\u00f1ela no lugar que se merece.<\/em><\/p>\n\n\n\n<p><em>Se ti tam\u00e9n cres coma n\u00f3s que podemos facer os mellores vi\u00f1os, Avibe conv\u00f3cate ao seu acto fundacional o pr\u00f3ximo martes 18 de novembro de 2025 \u00e1s 17:30, na sede da Fundaci\u00f3n Juana de Vega de Oleiros. A t\u00faa asistencia e apoio \u00e9 fundamental.<\/em><\/p>\n\n\n\n<p><em>Grazas de antem\u00e1n a @pagosdebrigante_ e \u00e1 @fjuanadevega<\/em><\/p>\n\n\n\n<p><em>Viva o vi\u00f1o de Betanzos\u201d<\/em><\/p>\n\n\n\n<p>A asociaci\u00f3n ten unha conta en redes sociais: <a href=\"https:\/\/www.instagram.com\/avibe_org\/\" target=\"_blank\" rel=\"noreferrer noopener\">https:\/\/www.instagram.com\/avibe_org\/<\/a><\/p>\n\n\n\n<p><\/p>\n","protected":false},"excerpt":{"rendered":"<p>Este martes 18 de novembro pres\u00e9ntase na Fundaci\u00f3n Juana de Vega, en Oleiros, \u201cAvibe &#8211; Asociaci\u00f3n de Vi\u00f1erons de Betanzos\u201d. Na convocatoria para o seu evento fundacional, din as\u00ed: \u201cDetr\u00e1s dun gran vi\u00f1o hai unhas cepas e unha terra que fala, que fala do seu legado, das s\u00faas pedras, dos seus aromas e das s\u00faas [&hellip;]<\/p>\n","protected":false},"author":2,"featured_media":1866,"comment_status":"open","ping_status":"open","sticky":false,"template":"","format":"standard","meta":{"footnotes":""},"categories":[4],"tags":[],"class_list":["post-1869","post","type-post","status-publish","format-standard","has-post-thumbnail","hentry","category-sin-categorizar"],"yoast_head":"<!-- This site is optimized with the Yoast SEO plugin v24.0 - https:\/\/yoast.com\/wordpress\/plugins\/seo\/ -->\n<title>Nace Avibe, \u201cAsociaci\u00f3n de Vi\u00f1er\u00f3ns de Betanzos\u201d - Vi\u00f1os da Coru\u00f1a<\/title>\n<meta name=\"robots\" content=\"index, follow, max-snippet:-1, max-image-preview:large, max-video-preview:-1\" \/>\n<link rel=\"canonical\" href=\"https:\/\/xn--viosdacorua-2dbi.gal\/es\/blog\/2025\/11\/17\/nace-avibe-asociacion-de-vinerons-de-betanzos\/\" \/>\n<meta property=\"og:locale\" content=\"es_ES\" \/>\n<meta property=\"og:type\" content=\"article\" \/>\n<meta property=\"og:title\" content=\"Nace Avibe, \u201cAsociaci\u00f3n de Vi\u00f1er\u00f3ns de Betanzos\u201d - Vi\u00f1os da Coru\u00f1a\" \/>\n<meta property=\"og:description\" content=\"Este martes 18 de novembro pres\u00e9ntase na Fundaci\u00f3n Juana de Vega, en Oleiros, \u201cAvibe &#8211; Asociaci\u00f3n de Vi\u00f1erons de Betanzos\u201d. Na convocatoria para o seu evento fundacional, din as\u00ed: \u201cDetr\u00e1s dun gran vi\u00f1o hai unhas cepas e unha terra que fala, que fala do seu legado, das s\u00faas pedras, dos seus aromas e das s\u00faas [&hellip;]\" \/>\n<meta property=\"og:url\" content=\"https:\/\/xn--viosdacorua-2dbi.gal\/es\/blog\/2025\/11\/17\/nace-avibe-asociacion-de-vinerons-de-betanzos\/\" \/>\n<meta property=\"og:site_name\" content=\"Vi\u00f1os da Coru\u00f1a\" \/>\n<meta property=\"article:published_time\" content=\"2025-11-17T19:44:50+00:00\" \/>\n<meta property=\"article:modified_time\" content=\"2025-11-18T19:50:52+00:00\" \/>\n<meta property=\"og:image\" content=\"https:\/\/xn--viosdacorua-2dbi.gal\/wp-content\/uploads\/2025\/11\/avibe-logotipo.jpg\" \/>\n\t<meta property=\"og:image:width\" content=\"625\" \/>\n\t<meta property=\"og:image:height\" content=\"500\" \/>\n\t<meta property=\"og:image:type\" content=\"image\/jpeg\" \/>\n<meta name=\"author\" content=\"Roberto Noguerol\" \/>\n<meta name=\"twitter:card\" content=\"summary_large_image\" \/>\n<meta name=\"twitter:label1\" content=\"Escrito por\" \/>\n\t<meta name=\"twitter:data1\" content=\"Roberto Noguerol\" \/>\n\t<meta name=\"twitter:label2\" content=\"Tiempo de lectura\" \/>\n\t<meta name=\"twitter:data2\" content=\"2 minutos\" \/>\n<script type=\"application\/ld+json\" class=\"yoast-schema-graph\">{\"@context\":\"https:\/\/schema.org\",\"@graph\":[{\"@type\":\"Article\",\"@id\":\"https:\/\/xn--viosdacorua-2dbi.gal\/es\/blog\/2025\/11\/17\/nace-avibe-asociacion-de-vinerons-de-betanzos\/#article\",\"isPartOf\":{\"@id\":\"https:\/\/xn--viosdacorua-2dbi.gal\/es\/blog\/2025\/11\/17\/nace-avibe-asociacion-de-vinerons-de-betanzos\/\"},\"author\":{\"name\":\"Roberto Noguerol\",\"@id\":\"https:\/\/xn--viosdacorua-2dbi.gal\/es\/#\/schema\/person\/9e44d783c77ee4a2849056330ba9c877\"},\"headline\":\"Nace Avibe, \u201cAsociaci\u00f3n de Vi\u00f1er\u00f3ns de Betanzos\u201d\",\"datePublished\":\"2025-11-17T19:44:50+00:00\",\"dateModified\":\"2025-11-18T19:50:52+00:00\",\"mainEntityOfPage\":{\"@id\":\"https:\/\/xn--viosdacorua-2dbi.gal\/es\/blog\/2025\/11\/17\/nace-avibe-asociacion-de-vinerons-de-betanzos\/\"},\"wordCount\":368,\"commentCount\":0,\"publisher\":{\"@id\":\"https:\/\/xn--viosdacorua-2dbi.gal\/es\/#organization\"},\"image\":{\"@id\":\"https:\/\/xn--viosdacorua-2dbi.gal\/es\/blog\/2025\/11\/17\/nace-avibe-asociacion-de-vinerons-de-betanzos\/#primaryimage\"},\"thumbnailUrl\":\"https:\/\/xn--viosdacorua-2dbi.gal\/wp-content\/uploads\/2025\/11\/avibe-logotipo.jpg\",\"articleSection\":[\"Sin categorizar\"],\"inLanguage\":\"es\",\"potentialAction\":[{\"@type\":\"CommentAction\",\"name\":\"Comment\",\"target\":[\"https:\/\/xn--viosdacorua-2dbi.gal\/es\/blog\/2025\/11\/17\/nace-avibe-asociacion-de-vinerons-de-betanzos\/#respond\"]}]},{\"@type\":\"WebPage\",\"@id\":\"https:\/\/xn--viosdacorua-2dbi.gal\/es\/blog\/2025\/11\/17\/nace-avibe-asociacion-de-vinerons-de-betanzos\/\",\"url\":\"https:\/\/xn--viosdacorua-2dbi.gal\/es\/blog\/2025\/11\/17\/nace-avibe-asociacion-de-vinerons-de-betanzos\/\",\"name\":\"Nace Avibe, \u201cAsociaci\u00f3n de Vi\u00f1er\u00f3ns de Betanzos\u201d - Vi\u00f1os da Coru\u00f1a\",\"isPartOf\":{\"@id\":\"https:\/\/xn--viosdacorua-2dbi.gal\/es\/#website\"},\"primaryImageOfPage\":{\"@id\":\"https:\/\/xn--viosdacorua-2dbi.gal\/es\/blog\/2025\/11\/17\/nace-avibe-asociacion-de-vinerons-de-betanzos\/#primaryimage\"},\"image\":{\"@id\":\"https:\/\/xn--viosdacorua-2dbi.gal\/es\/blog\/2025\/11\/17\/nace-avibe-asociacion-de-vinerons-de-betanzos\/#primaryimage\"},\"thumbnailUrl\":\"https:\/\/xn--viosdacorua-2dbi.gal\/wp-content\/uploads\/2025\/11\/avibe-logotipo.jpg\",\"datePublished\":\"2025-11-17T19:44:50+00:00\",\"dateModified\":\"2025-11-18T19:50:52+00:00\",\"breadcrumb\":{\"@id\":\"https:\/\/xn--viosdacorua-2dbi.gal\/es\/blog\/2025\/11\/17\/nace-avibe-asociacion-de-vinerons-de-betanzos\/#breadcrumb\"},\"inLanguage\":\"es\",\"potentialAction\":[{\"@type\":\"ReadAction\",\"target\":[\"https:\/\/xn--viosdacorua-2dbi.gal\/es\/blog\/2025\/11\/17\/nace-avibe-asociacion-de-vinerons-de-betanzos\/\"]}]},{\"@type\":\"ImageObject\",\"inLanguage\":\"es\",\"@id\":\"https:\/\/xn--viosdacorua-2dbi.gal\/es\/blog\/2025\/11\/17\/nace-avibe-asociacion-de-vinerons-de-betanzos\/#primaryimage\",\"url\":\"https:\/\/xn--viosdacorua-2dbi.gal\/wp-content\/uploads\/2025\/11\/avibe-logotipo.jpg\",\"contentUrl\":\"https:\/\/xn--viosdacorua-2dbi.gal\/wp-content\/uploads\/2025\/11\/avibe-logotipo.jpg\",\"width\":625,\"height\":500},{\"@type\":\"BreadcrumbList\",\"@id\":\"https:\/\/xn--viosdacorua-2dbi.gal\/es\/blog\/2025\/11\/17\/nace-avibe-asociacion-de-vinerons-de-betanzos\/#breadcrumb\",\"itemListElement\":[{\"@type\":\"ListItem\",\"position\":1,\"name\":\"Inicio\",\"item\":\"https:\/\/xn--viosdacorua-2dbi.gal\/es\/\"},{\"@type\":\"ListItem\",\"position\":2,\"name\":\"Nace Avibe, \u201cAsociaci\u00f3n de Vi\u00f1er\u00f3ns de Betanzos\u201d\"}]},{\"@type\":\"WebSite\",\"@id\":\"https:\/\/xn--viosdacorua-2dbi.gal\/es\/#website\",\"url\":\"https:\/\/xn--viosdacorua-2dbi.gal\/es\/\",\"name\":\"Vi\u00f1os da Coru\u00f1a\",\"description\":\"Os vi\u00f1os da Coru\u00f1a\",\"publisher\":{\"@id\":\"https:\/\/xn--viosdacorua-2dbi.gal\/es\/#organization\"},\"alternateName\":\"Vi\u00f1os da provincia da Coru\u00f1a\",\"potentialAction\":[{\"@type\":\"SearchAction\",\"target\":{\"@type\":\"EntryPoint\",\"urlTemplate\":\"https:\/\/xn--viosdacorua-2dbi.gal\/es\/?s={search_term_string}\"},\"query-input\":{\"@type\":\"PropertyValueSpecification\",\"valueRequired\":true,\"valueName\":\"search_term_string\"}}],\"inLanguage\":\"es\"},{\"@type\":\"Organization\",\"@id\":\"https:\/\/xn--viosdacorua-2dbi.gal\/es\/#organization\",\"name\":\"Vi\u00f1os da Provincia de A Coru\u00f1a\",\"alternateName\":\"Vi\u00f1os da Provincia de A Coru\u00f1a\",\"url\":\"https:\/\/xn--viosdacorua-2dbi.gal\/es\/\",\"logo\":{\"@type\":\"ImageObject\",\"inLanguage\":\"es\",\"@id\":\"https:\/\/xn--viosdacorua-2dbi.gal\/es\/#\/schema\/logo\/image\/\",\"url\":\"https:\/\/xn--viosdacorua-2dbi.gal\/wp-content\/uploads\/2024\/12\/logo_vinhos.jpg\",\"contentUrl\":\"https:\/\/xn--viosdacorua-2dbi.gal\/wp-content\/uploads\/2024\/12\/logo_vinhos.jpg\",\"width\":1600,\"height\":563,\"caption\":\"Vi\u00f1os da Provincia de A Coru\u00f1a\"},\"image\":{\"@id\":\"https:\/\/xn--viosdacorua-2dbi.gal\/es\/#\/schema\/logo\/image\/\"}},{\"@type\":\"Person\",\"@id\":\"https:\/\/xn--viosdacorua-2dbi.gal\/es\/#\/schema\/person\/9e44d783c77ee4a2849056330ba9c877\",\"name\":\"Roberto Noguerol\",\"image\":{\"@type\":\"ImageObject\",\"inLanguage\":\"es\",\"@id\":\"https:\/\/xn--viosdacorua-2dbi.gal\/es\/#\/schema\/person\/image\/\",\"url\":\"https:\/\/secure.gravatar.com\/avatar\/9e2c65b23cebcab7beabd8fbdfc0e353?s=96&d=mm&r=g\",\"contentUrl\":\"https:\/\/secure.gravatar.com\/avatar\/9e2c65b23cebcab7beabd8fbdfc0e353?s=96&d=mm&r=g\",\"caption\":\"Roberto Noguerol\"},\"url\":\"https:\/\/xn--viosdacorua-2dbi.gal\/es\/blog\/author\/roberto\/\"}]}<\/script>\n<!-- \/ Yoast SEO plugin. -->","yoast_head_json":{"title":"Nace Avibe, \u201cAsociaci\u00f3n de Vi\u00f1er\u00f3ns de Betanzos\u201d - Vi\u00f1os da Coru\u00f1a","robots":{"index":"index","follow":"follow","max-snippet":"max-snippet:-1","max-image-preview":"max-image-preview:large","max-video-preview":"max-video-preview:-1"},"canonical":"https:\/\/xn--viosdacorua-2dbi.gal\/es\/blog\/2025\/11\/17\/nace-avibe-asociacion-de-vinerons-de-betanzos\/","og_locale":"es_ES","og_type":"article","og_title":"Nace Avibe, \u201cAsociaci\u00f3n de Vi\u00f1er\u00f3ns de Betanzos\u201d - Vi\u00f1os da Coru\u00f1a","og_description":"Este martes 18 de novembro pres\u00e9ntase na Fundaci\u00f3n Juana de Vega, en Oleiros, \u201cAvibe &#8211; Asociaci\u00f3n de Vi\u00f1erons de Betanzos\u201d. Na convocatoria para o seu evento fundacional, din as\u00ed: \u201cDetr\u00e1s dun gran vi\u00f1o hai unhas cepas e unha terra que fala, que fala do seu legado, das s\u00faas pedras, dos seus aromas e das s\u00faas [&hellip;]","og_url":"https:\/\/xn--viosdacorua-2dbi.gal\/es\/blog\/2025\/11\/17\/nace-avibe-asociacion-de-vinerons-de-betanzos\/","og_site_name":"Vi\u00f1os da Coru\u00f1a","article_published_time":"2025-11-17T19:44:50+00:00","article_modified_time":"2025-11-18T19:50:52+00:00","og_image":[{"width":625,"height":500,"url":"https:\/\/xn--viosdacorua-2dbi.gal\/wp-content\/uploads\/2025\/11\/avibe-logotipo.jpg","type":"image\/jpeg"}],"author":"Roberto Noguerol","twitter_card":"summary_large_image","twitter_misc":{"Escrito por":"Roberto Noguerol","Tiempo de lectura":"2 minutos"},"schema":{"@context":"https:\/\/schema.org","@graph":[{"@type":"Article","@id":"https:\/\/xn--viosdacorua-2dbi.gal\/es\/blog\/2025\/11\/17\/nace-avibe-asociacion-de-vinerons-de-betanzos\/#article","isPartOf":{"@id":"https:\/\/xn--viosdacorua-2dbi.gal\/es\/blog\/2025\/11\/17\/nace-avibe-asociacion-de-vinerons-de-betanzos\/"},"author":{"name":"Roberto Noguerol","@id":"https:\/\/xn--viosdacorua-2dbi.gal\/es\/#\/schema\/person\/9e44d783c77ee4a2849056330ba9c877"},"headline":"Nace Avibe, \u201cAsociaci\u00f3n de Vi\u00f1er\u00f3ns de Betanzos\u201d","datePublished":"2025-11-17T19:44:50+00:00","dateModified":"2025-11-18T19:50:52+00:00","mainEntityOfPage":{"@id":"https:\/\/xn--viosdacorua-2dbi.gal\/es\/blog\/2025\/11\/17\/nace-avibe-asociacion-de-vinerons-de-betanzos\/"},"wordCount":368,"commentCount":0,"publisher":{"@id":"https:\/\/xn--viosdacorua-2dbi.gal\/es\/#organization"},"image":{"@id":"https:\/\/xn--viosdacorua-2dbi.gal\/es\/blog\/2025\/11\/17\/nace-avibe-asociacion-de-vinerons-de-betanzos\/#primaryimage"},"thumbnailUrl":"https:\/\/xn--viosdacorua-2dbi.gal\/wp-content\/uploads\/2025\/11\/avibe-logotipo.jpg","articleSection":["Sin categorizar"],"inLanguage":"es","potentialAction":[{"@type":"CommentAction","name":"Comment","target":["https:\/\/xn--viosdacorua-2dbi.gal\/es\/blog\/2025\/11\/17\/nace-avibe-asociacion-de-vinerons-de-betanzos\/#respond"]}]},{"@type":"WebPage","@id":"https:\/\/xn--viosdacorua-2dbi.gal\/es\/blog\/2025\/11\/17\/nace-avibe-asociacion-de-vinerons-de-betanzos\/","url":"https:\/\/xn--viosdacorua-2dbi.gal\/es\/blog\/2025\/11\/17\/nace-avibe-asociacion-de-vinerons-de-betanzos\/","name":"Nace Avibe, \u201cAsociaci\u00f3n de Vi\u00f1er\u00f3ns de Betanzos\u201d - Vi\u00f1os da Coru\u00f1a","isPartOf":{"@id":"https:\/\/xn--viosdacorua-2dbi.gal\/es\/#website"},"primaryImageOfPage":{"@id":"https:\/\/xn--viosdacorua-2dbi.gal\/es\/blog\/2025\/11\/17\/nace-avibe-asociacion-de-vinerons-de-betanzos\/#primaryimage"},"image":{"@id":"https:\/\/xn--viosdacorua-2dbi.gal\/es\/blog\/2025\/11\/17\/nace-avibe-asociacion-de-vinerons-de-betanzos\/#primaryimage"},"thumbnailUrl":"https:\/\/xn--viosdacorua-2dbi.gal\/wp-content\/uploads\/2025\/11\/avibe-logotipo.jpg","datePublished":"2025-11-17T19:44:50+00:00","dateModified":"2025-11-18T19:50:52+00:00","breadcrumb":{"@id":"https:\/\/xn--viosdacorua-2dbi.gal\/es\/blog\/2025\/11\/17\/nace-avibe-asociacion-de-vinerons-de-betanzos\/#breadcrumb"},"inLanguage":"es","potentialAction":[{"@type":"ReadAction","target":["https:\/\/xn--viosdacorua-2dbi.gal\/es\/blog\/2025\/11\/17\/nace-avibe-asociacion-de-vinerons-de-betanzos\/"]}]},{"@type":"ImageObject","inLanguage":"es","@id":"https:\/\/xn--viosdacorua-2dbi.gal\/es\/blog\/2025\/11\/17\/nace-avibe-asociacion-de-vinerons-de-betanzos\/#primaryimage","url":"https:\/\/xn--viosdacorua-2dbi.gal\/wp-content\/uploads\/2025\/11\/avibe-logotipo.jpg","contentUrl":"https:\/\/xn--viosdacorua-2dbi.gal\/wp-content\/uploads\/2025\/11\/avibe-logotipo.jpg","width":625,"height":500},{"@type":"BreadcrumbList","@id":"https:\/\/xn--viosdacorua-2dbi.gal\/es\/blog\/2025\/11\/17\/nace-avibe-asociacion-de-vinerons-de-betanzos\/#breadcrumb","itemListElement":[{"@type":"ListItem","position":1,"name":"Inicio","item":"https:\/\/xn--viosdacorua-2dbi.gal\/es\/"},{"@type":"ListItem","position":2,"name":"Nace Avibe, \u201cAsociaci\u00f3n de Vi\u00f1er\u00f3ns de Betanzos\u201d"}]},{"@type":"WebSite","@id":"https:\/\/xn--viosdacorua-2dbi.gal\/es\/#website","url":"https:\/\/xn--viosdacorua-2dbi.gal\/es\/","name":"Vi\u00f1os da Coru\u00f1a","description":"Os vi\u00f1os da Coru\u00f1a","publisher":{"@id":"https:\/\/xn--viosdacorua-2dbi.gal\/es\/#organization"},"alternateName":"Vi\u00f1os da provincia da Coru\u00f1a","potentialAction":[{"@type":"SearchAction","target":{"@type":"EntryPoint","urlTemplate":"https:\/\/xn--viosdacorua-2dbi.gal\/es\/?s={search_term_string}"},"query-input":{"@type":"PropertyValueSpecification","valueRequired":true,"valueName":"search_term_string"}}],"inLanguage":"es"},{"@type":"Organization","@id":"https:\/\/xn--viosdacorua-2dbi.gal\/es\/#organization","name":"Vi\u00f1os da Provincia de A Coru\u00f1a","alternateName":"Vi\u00f1os da Provincia de A Coru\u00f1a","url":"https:\/\/xn--viosdacorua-2dbi.gal\/es\/","logo":{"@type":"ImageObject","inLanguage":"es","@id":"https:\/\/xn--viosdacorua-2dbi.gal\/es\/#\/schema\/logo\/image\/","url":"https:\/\/xn--viosdacorua-2dbi.gal\/wp-content\/uploads\/2024\/12\/logo_vinhos.jpg","contentUrl":"https:\/\/xn--viosdacorua-2dbi.gal\/wp-content\/uploads\/2024\/12\/logo_vinhos.jpg","width":1600,"height":563,"caption":"Vi\u00f1os da Provincia de A Coru\u00f1a"},"image":{"@id":"https:\/\/xn--viosdacorua-2dbi.gal\/es\/#\/schema\/logo\/image\/"}},{"@type":"Person","@id":"https:\/\/xn--viosdacorua-2dbi.gal\/es\/#\/schema\/person\/9e44d783c77ee4a2849056330ba9c877","name":"Roberto Noguerol","image":{"@type":"ImageObject","inLanguage":"es","@id":"https:\/\/xn--viosdacorua-2dbi.gal\/es\/#\/schema\/person\/image\/","url":"https:\/\/secure.gravatar.com\/avatar\/9e2c65b23cebcab7beabd8fbdfc0e353?s=96&d=mm&r=g","contentUrl":"https:\/\/secure.gravatar.com\/avatar\/9e2c65b23cebcab7beabd8fbdfc0e353?s=96&d=mm&r=g","caption":"Roberto Noguerol"},"url":"https:\/\/xn--viosdacorua-2dbi.gal\/es\/blog\/author\/roberto\/"}]}},"_links":{"self":[{"href":"https:\/\/xn--viosdacorua-2dbi.gal\/es\/wp-json\/wp\/v2\/posts\/1869","targetHints":{"allow":["GET"]}}],"collection":[{"href":"https:\/\/xn--viosdacorua-2dbi.gal\/es\/wp-json\/wp\/v2\/posts"}],"about":[{"href":"https:\/\/xn--viosdacorua-2dbi.gal\/es\/wp-json\/wp\/v2\/types\/post"}],"author":[{"embeddable":true,"href":"https:\/\/xn--viosdacorua-2dbi.gal\/es\/wp-json\/wp\/v2\/users\/2"}],"replies":[{"embeddable":true,"href":"https:\/\/xn--viosdacorua-2dbi.gal\/es\/wp-json\/wp\/v2\/comments?post=1869"}],"version-history":[{"count":1,"href":"https:\/\/xn--viosdacorua-2dbi.gal\/es\/wp-json\/wp\/v2\/posts\/1869\/revisions"}],"predecessor-version":[{"id":1870,"href":"https:\/\/xn--viosdacorua-2dbi.gal\/es\/wp-json\/wp\/v2\/posts\/1869\/revisions\/1870"}],"wp:featuredmedia":[{"embeddable":true,"href":"https:\/\/xn--viosdacorua-2dbi.gal\/es\/wp-json\/wp\/v2\/media\/1866"}],"wp:attachment":[{"href":"https:\/\/xn--viosdacorua-2dbi.gal\/es\/wp-json\/wp\/v2\/media?parent=1869"}],"wp:term":[{"taxonomy":"category","embeddable":true,"href":"https:\/\/xn--viosdacorua-2dbi.gal\/es\/wp-json\/wp\/v2\/categories?post=1869"},{"taxonomy":"post_tag","embeddable":true,"href":"https:\/\/xn--viosdacorua-2dbi.gal\/es\/wp-json\/wp\/v2\/tags?post=1869"}],"curies":[{"name":"wp","href":"https:\/\/api.w.org\/{rel}","templated":true}]}}