{"id":269,"date":"2024-10-28T20:53:57","date_gmt":"2024-10-28T19:53:57","guid":{"rendered":"https:\/\/xn--viosdacorua-2dbi.gal\/blog\/2024\/10\/28\/dende-que-teno-uso-de-razon-lembro-ir-as-vendimas\/"},"modified":"2024-12-04T23:54:52","modified_gmt":"2024-12-04T22:54:52","slug":"dende-que-teno-uso-de-razon-lembro-ir-as-vendimas","status":"publish","type":"post","link":"https:\/\/xn--viosdacorua-2dbi.gal\/es\/blog\/2024\/10\/28\/dende-que-teno-uso-de-razon-lembro-ir-as-vendimas\/","title":{"rendered":"\u201cDesde que tengo uso de raz\u00f3n recuerdo ir a las vendimias\u201d"},"content":{"rendered":"\n<p><em>En A Pobra do Carami\u00f1al y a sus m\u00e1s de ochenta a\u00f1os, Francisco Crusat nos cuenta de la bodeda Entre os R\u00edos.<\/em><\/p>\n\n\n<div class=\"wp-block-image\">\n<figure class=\"alignleft size-full\"><img fetchpriority=\"high\" decoding=\"async\" width=\"400\" height=\"400\" src=\"https:\/\/xn--viosdacorua-2dbi.gal\/wp-content\/uploads\/2024\/10\/adega-entre-os-rios-fb-1.jpg\" alt=\"\" class=\"wp-image-267\" srcset=\"https:\/\/xn--viosdacorua-2dbi.gal\/wp-content\/uploads\/2024\/10\/adega-entre-os-rios-fb-1.jpg 400w, https:\/\/xn--viosdacorua-2dbi.gal\/wp-content\/uploads\/2024\/10\/adega-entre-os-rios-fb-1-300x300.jpg 300w, https:\/\/xn--viosdacorua-2dbi.gal\/wp-content\/uploads\/2024\/10\/adega-entre-os-rios-fb-1-150x150.jpg 150w\" sizes=\"(max-width: 400px) 100vw, 400px\" \/><\/figure><\/div>\n\n\n<p><strong>\u00bf<\/strong><strong>Qui<\/strong><strong>\u00e9<\/strong><strong>n y cuando funda la bodega <\/strong><strong>Entre os R\u00edos<\/strong><strong>?<\/strong><\/p>\n\n\n\n<p>La fundo yo, Francisco Crusat, que pronto cumplir\u00e9 82 a\u00f1os.<\/p>\n\n\n\n<p><strong>\u00bfC\u00f3mo llegaste al mundo del vino?<\/strong><\/p>\n\n\n\n<p>En mi casa, por la parte de mi madre, hab\u00eda tradici\u00f3n viticultora.<\/p>\n\n\n\n<p><strong>\u00bfRecuerdas tu primera vendimia?<\/strong><\/p>\n\n\n\n<p>Desde que tengo uso de raz\u00f3n recuerdo ir a las vendimias en septiembre a la casa de mis t\u00edas-abuelas, porque antes las clases no comenzaban hasta octubre.<\/p>\n\n\n\n<p><strong>\u00bfAlg\u00fan recuerdo especial en tu vida al lado de las vides y los vinos?<\/strong><\/p>\n\n\n\n<p>Recuerdo alguna vendimia de cuando los vi\u00f1edos hab\u00edan sido afectados por el mildiu, que sent\u00ed como perder vida. Tambi\u00e9n de cuando de ni\u00f1o pasaba la noche entera vigilando la destilaci\u00f3n del orujo para la aguardiente, controlando que el fuego ni fuera muy alto ni se apagara.<\/p>\n\n\n\n<p><strong>\u00bf<\/strong><strong>De qu<\/strong><strong>\u00e9 <\/strong><strong>\u00e1reas concretas vienen vuestras uvas?<\/strong><\/p>\n\n\n\n<p>De las que producimos en A Pobra do Carami\u00f1al, y de otras que compramos en Boiro, Ribeira, Dodro y Valga.<\/p>\n\n\n\n<p><strong>\u00bfCon qu\u00e9 variedades de uva trabaj\u00e1is?<\/strong><\/p>\n\n\n\n<p>Albari\u00f1o, Blanco leg\u00edtimo o \u201cRaposo\u201d, Ca\u00ed\u00f1o (blancas) y Menc\u00eda (tinta)<\/p>\n\n\n\n<p><strong>\u00bfQu\u00e9 piensas que diferencia tu bodega, tus vinos, de otros?<\/strong><\/p>\n\n\n\n<p>En la zona estamos todos muy unidos y coordinados. Cada uno tiene sus especialidades. Nosotros tenemos los matices que dan nuestros albari\u00f1os de cuatro a\u00f1os, y tenemos despu\u00e9s los Komokabras: el Verde, sobre l\u00edas durante dos a\u00f1os; el Amarillo, con nueve meses en madera de roble; y el Naranja, ocho meses en \u00e1nfora tal y como hac\u00edan los fenicios.<\/p>\n\n\n\n<p><strong>\u00bfC\u00f3mo fue la evoluci\u00f3n de la bodega a lo largo del tiempo?<\/strong><\/p>\n\n\n\n<p>El primer vino lo hac\u00eda para m\u00ed, para la m\u00eda y para mis amigos. Como despu\u00e9s no ten\u00eda tantos amigos para todo el vino que produc\u00eda, comenc\u00e9 a comercializarlo. M\u00e1s tarde nos organizamos en la zona originalmente bajo el nombre de Asociaci\u00f3n de Viticultores y Bodegueros de Arousa Norte.<\/p>\n\n\n\n<p><strong>\u00bfD\u00f3nde vend\u00e9is principalmente vuestra producci\u00f3n?<\/strong><\/p>\n\n\n\n<p>El 50% o m\u00e1s va para el extranjero, principalmente al Jap\u00f3n, a los Estados Unidos, al Reino Unido y a Irlanda, y tambi\u00e9n en menor medida a otros pa\u00edses europeos. En Espa\u00f1a, a trav\u00e9s de una distribuidora especializada en bodegas peque\u00f1as con vinos de alta calidad.<\/p>\n\n\n\n<p><strong>\u00bfC\u00f3mo veis el futuro? \u00bfAlg\u00fan reto concreto en el horizonte?<\/strong><\/p>\n\n\n\n<p>Actualmente estamos en el l\u00edmite de ser una empresa familiar. Ahora le estoy cediendo el trabajo a mi hijo Jose, y el objetivo es adquirir seis hect\u00e1reas para poder ser empresa profesional y contar con un especialista en\u00f3logo. Y en diez a\u00f1os queremos llegar a producir 100 mil botellas. Tambi\u00e9n estamos experimentando con vinos nuevos, como el Komokabras K-i\u00f1o (de Ca\u00ed\u00f1o) o un espumoso.<\/p>\n\n\n\n<p><strong>\u00bfQuieres recomendarnos alg\u00fan maridaje especial de alguno de tus vinos?<\/strong><\/p>\n\n\n\n<p>Nuestros albari\u00f1os son vinos frescos que combinan muy bien con casi todos los platos, salvo excepciones como la caza, ya que no tenemos ese tipo de tintos. Van bien con marisco crudo, pescado, calderetas y aves y carnes suaves.<\/p>\n","protected":false},"excerpt":{"rendered":"<p>En A Pobra do Carami\u00f1al y a sus m\u00e1s de ochenta a\u00f1os, Francisco Crusat nos cuenta de la bodeda Entre os R\u00edos. \u00bfQui\u00e9n y cuando funda la bodega Entre os R\u00edos? La fundo yo, Francisco Crusat, que pronto cumplir\u00e9 82 a\u00f1os. \u00bfC\u00f3mo llegaste al mundo del vino? En mi casa, por la parte de mi [&hellip;]<\/p>\n","protected":false},"author":2,"featured_media":267,"comment_status":"open","ping_status":"open","sticky":false,"template":"","format":"standard","meta":{"footnotes":""},"categories":[4],"tags":[],"class_list":["post-269","post","type-post","status-publish","format-standard","has-post-thumbnail","hentry","category-sin-categorizar"],"yoast_head":"<!-- This site is optimized with the Yoast SEO plugin v24.0 - https:\/\/yoast.com\/wordpress\/plugins\/seo\/ -->\n<title>\u201cDesde que tengo uso de raz\u00f3n recuerdo ir a las vendimias\u201d - Vi\u00f1os da Coru\u00f1a<\/title>\n<meta name=\"robots\" content=\"index, follow, max-snippet:-1, max-image-preview:large, max-video-preview:-1\" \/>\n<link rel=\"canonical\" href=\"https:\/\/xn--viosdacorua-2dbi.gal\/es\/blog\/2024\/10\/28\/dende-que-teno-uso-de-razon-lembro-ir-as-vendimas\/\" \/>\n<meta property=\"og:locale\" content=\"es_ES\" \/>\n<meta property=\"og:type\" content=\"article\" \/>\n<meta property=\"og:title\" content=\"\u201cDesde que tengo uso de raz\u00f3n recuerdo ir a las vendimias\u201d - Vi\u00f1os da Coru\u00f1a\" \/>\n<meta property=\"og:description\" content=\"En A Pobra do Carami\u00f1al y a sus m\u00e1s de ochenta a\u00f1os, Francisco Crusat nos cuenta de la bodeda Entre os R\u00edos. \u00bfQui\u00e9n y cuando funda la bodega Entre os R\u00edos? La fundo yo, Francisco Crusat, que pronto cumplir\u00e9 82 a\u00f1os. \u00bfC\u00f3mo llegaste al mundo del vino? En mi casa, por la parte de mi [&hellip;]\" \/>\n<meta property=\"og:url\" content=\"https:\/\/xn--viosdacorua-2dbi.gal\/es\/blog\/2024\/10\/28\/dende-que-teno-uso-de-razon-lembro-ir-as-vendimas\/\" \/>\n<meta property=\"og:site_name\" content=\"Vi\u00f1os da Coru\u00f1a\" \/>\n<meta property=\"article:published_time\" content=\"2024-10-28T19:53:57+00:00\" \/>\n<meta property=\"article:modified_time\" content=\"2024-12-04T22:54:52+00:00\" \/>\n<meta property=\"og:image\" content=\"https:\/\/xn--viosdacorua-2dbi.gal\/wp-content\/uploads\/2024\/10\/adega-entre-os-rios-fb-1.jpg\" \/>\n\t<meta property=\"og:image:width\" content=\"400\" \/>\n\t<meta property=\"og:image:height\" content=\"400\" \/>\n\t<meta property=\"og:image:type\" content=\"image\/jpeg\" \/>\n<meta name=\"author\" content=\"Roberto Noguerol\" \/>\n<meta name=\"twitter:card\" content=\"summary_large_image\" \/>\n<meta name=\"twitter:label1\" content=\"Escrito por\" \/>\n\t<meta name=\"twitter:data1\" content=\"Roberto Noguerol\" \/>\n\t<meta name=\"twitter:label2\" content=\"Tiempo de lectura\" \/>\n\t<meta name=\"twitter:data2\" content=\"3 minutos\" \/>\n<script type=\"application\/ld+json\" class=\"yoast-schema-graph\">{\"@context\":\"https:\/\/schema.org\",\"@graph\":[{\"@type\":\"Article\",\"@id\":\"https:\/\/xn--viosdacorua-2dbi.gal\/es\/blog\/2024\/10\/28\/dende-que-teno-uso-de-razon-lembro-ir-as-vendimas\/#article\",\"isPartOf\":{\"@id\":\"https:\/\/xn--viosdacorua-2dbi.gal\/es\/blog\/2024\/10\/28\/dende-que-teno-uso-de-razon-lembro-ir-as-vendimas\/\"},\"author\":{\"name\":\"Roberto Noguerol\",\"@id\":\"https:\/\/xn--viosdacorua-2dbi.gal\/es\/#\/schema\/person\/9e44d783c77ee4a2849056330ba9c877\"},\"headline\":\"\u201cDesde que tengo uso de raz\u00f3n recuerdo ir a las vendimias\u201d\",\"datePublished\":\"2024-10-28T19:53:57+00:00\",\"dateModified\":\"2024-12-04T22:54:52+00:00\",\"mainEntityOfPage\":{\"@id\":\"https:\/\/xn--viosdacorua-2dbi.gal\/es\/blog\/2024\/10\/28\/dende-que-teno-uso-de-razon-lembro-ir-as-vendimas\/\"},\"wordCount\":566,\"commentCount\":0,\"publisher\":{\"@id\":\"https:\/\/xn--viosdacorua-2dbi.gal\/es\/#organization\"},\"image\":{\"@id\":\"https:\/\/xn--viosdacorua-2dbi.gal\/es\/blog\/2024\/10\/28\/dende-que-teno-uso-de-razon-lembro-ir-as-vendimas\/#primaryimage\"},\"thumbnailUrl\":\"https:\/\/xn--viosdacorua-2dbi.gal\/wp-content\/uploads\/2024\/10\/adega-entre-os-rios-fb-1.jpg\",\"articleSection\":[\"Sin categorizar\"],\"inLanguage\":\"es\",\"potentialAction\":[{\"@type\":\"CommentAction\",\"name\":\"Comment\",\"target\":[\"https:\/\/xn--viosdacorua-2dbi.gal\/es\/blog\/2024\/10\/28\/dende-que-teno-uso-de-razon-lembro-ir-as-vendimas\/#respond\"]}]},{\"@type\":\"WebPage\",\"@id\":\"https:\/\/xn--viosdacorua-2dbi.gal\/es\/blog\/2024\/10\/28\/dende-que-teno-uso-de-razon-lembro-ir-as-vendimas\/\",\"url\":\"https:\/\/xn--viosdacorua-2dbi.gal\/es\/blog\/2024\/10\/28\/dende-que-teno-uso-de-razon-lembro-ir-as-vendimas\/\",\"name\":\"\u201cDesde que tengo uso de raz\u00f3n recuerdo ir a las vendimias\u201d - Vi\u00f1os da Coru\u00f1a\",\"isPartOf\":{\"@id\":\"https:\/\/xn--viosdacorua-2dbi.gal\/es\/#website\"},\"primaryImageOfPage\":{\"@id\":\"https:\/\/xn--viosdacorua-2dbi.gal\/es\/blog\/2024\/10\/28\/dende-que-teno-uso-de-razon-lembro-ir-as-vendimas\/#primaryimage\"},\"image\":{\"@id\":\"https:\/\/xn--viosdacorua-2dbi.gal\/es\/blog\/2024\/10\/28\/dende-que-teno-uso-de-razon-lembro-ir-as-vendimas\/#primaryimage\"},\"thumbnailUrl\":\"https:\/\/xn--viosdacorua-2dbi.gal\/wp-content\/uploads\/2024\/10\/adega-entre-os-rios-fb-1.jpg\",\"datePublished\":\"2024-10-28T19:53:57+00:00\",\"dateModified\":\"2024-12-04T22:54:52+00:00\",\"breadcrumb\":{\"@id\":\"https:\/\/xn--viosdacorua-2dbi.gal\/es\/blog\/2024\/10\/28\/dende-que-teno-uso-de-razon-lembro-ir-as-vendimas\/#breadcrumb\"},\"inLanguage\":\"es\",\"potentialAction\":[{\"@type\":\"ReadAction\",\"target\":[\"https:\/\/xn--viosdacorua-2dbi.gal\/es\/blog\/2024\/10\/28\/dende-que-teno-uso-de-razon-lembro-ir-as-vendimas\/\"]}]},{\"@type\":\"ImageObject\",\"inLanguage\":\"es\",\"@id\":\"https:\/\/xn--viosdacorua-2dbi.gal\/es\/blog\/2024\/10\/28\/dende-que-teno-uso-de-razon-lembro-ir-as-vendimas\/#primaryimage\",\"url\":\"https:\/\/xn--viosdacorua-2dbi.gal\/wp-content\/uploads\/2024\/10\/adega-entre-os-rios-fb-1.jpg\",\"contentUrl\":\"https:\/\/xn--viosdacorua-2dbi.gal\/wp-content\/uploads\/2024\/10\/adega-entre-os-rios-fb-1.jpg\",\"width\":400,\"height\":400},{\"@type\":\"BreadcrumbList\",\"@id\":\"https:\/\/xn--viosdacorua-2dbi.gal\/es\/blog\/2024\/10\/28\/dende-que-teno-uso-de-razon-lembro-ir-as-vendimas\/#breadcrumb\",\"itemListElement\":[{\"@type\":\"ListItem\",\"position\":1,\"name\":\"Inicio\",\"item\":\"https:\/\/xn--viosdacorua-2dbi.gal\/es\/\"},{\"@type\":\"ListItem\",\"position\":2,\"name\":\"\u201cDesde que tengo uso de raz\u00f3n recuerdo ir a las vendimias\u201d\"}]},{\"@type\":\"WebSite\",\"@id\":\"https:\/\/xn--viosdacorua-2dbi.gal\/es\/#website\",\"url\":\"https:\/\/xn--viosdacorua-2dbi.gal\/es\/\",\"name\":\"Vi\u00f1os da Coru\u00f1a\",\"description\":\"Os vi\u00f1os da Coru\u00f1a\",\"publisher\":{\"@id\":\"https:\/\/xn--viosdacorua-2dbi.gal\/es\/#organization\"},\"alternateName\":\"Vi\u00f1os da provincia da Coru\u00f1a\",\"potentialAction\":[{\"@type\":\"SearchAction\",\"target\":{\"@type\":\"EntryPoint\",\"urlTemplate\":\"https:\/\/xn--viosdacorua-2dbi.gal\/es\/?s={search_term_string}\"},\"query-input\":{\"@type\":\"PropertyValueSpecification\",\"valueRequired\":true,\"valueName\":\"search_term_string\"}}],\"inLanguage\":\"es\"},{\"@type\":\"Organization\",\"@id\":\"https:\/\/xn--viosdacorua-2dbi.gal\/es\/#organization\",\"name\":\"Vi\u00f1os da Provincia de A Coru\u00f1a\",\"alternateName\":\"Vi\u00f1os da Provincia de A Coru\u00f1a\",\"url\":\"https:\/\/xn--viosdacorua-2dbi.gal\/es\/\",\"logo\":{\"@type\":\"ImageObject\",\"inLanguage\":\"es\",\"@id\":\"https:\/\/xn--viosdacorua-2dbi.gal\/es\/#\/schema\/logo\/image\/\",\"url\":\"https:\/\/xn--viosdacorua-2dbi.gal\/wp-content\/uploads\/2024\/12\/logo_vinhos.jpg\",\"contentUrl\":\"https:\/\/xn--viosdacorua-2dbi.gal\/wp-content\/uploads\/2024\/12\/logo_vinhos.jpg\",\"width\":1600,\"height\":563,\"caption\":\"Vi\u00f1os da Provincia de A Coru\u00f1a\"},\"image\":{\"@id\":\"https:\/\/xn--viosdacorua-2dbi.gal\/es\/#\/schema\/logo\/image\/\"}},{\"@type\":\"Person\",\"@id\":\"https:\/\/xn--viosdacorua-2dbi.gal\/es\/#\/schema\/person\/9e44d783c77ee4a2849056330ba9c877\",\"name\":\"Roberto Noguerol\",\"image\":{\"@type\":\"ImageObject\",\"inLanguage\":\"es\",\"@id\":\"https:\/\/xn--viosdacorua-2dbi.gal\/es\/#\/schema\/person\/image\/\",\"url\":\"https:\/\/secure.gravatar.com\/avatar\/9e2c65b23cebcab7beabd8fbdfc0e353?s=96&d=mm&r=g\",\"contentUrl\":\"https:\/\/secure.gravatar.com\/avatar\/9e2c65b23cebcab7beabd8fbdfc0e353?s=96&d=mm&r=g\",\"caption\":\"Roberto Noguerol\"},\"url\":\"https:\/\/xn--viosdacorua-2dbi.gal\/es\/blog\/author\/roberto\/\"}]}<\/script>\n<!-- \/ Yoast SEO plugin. -->","yoast_head_json":{"title":"\u201cDesde que tengo uso de raz\u00f3n recuerdo ir a las vendimias\u201d - Vi\u00f1os da Coru\u00f1a","robots":{"index":"index","follow":"follow","max-snippet":"max-snippet:-1","max-image-preview":"max-image-preview:large","max-video-preview":"max-video-preview:-1"},"canonical":"https:\/\/xn--viosdacorua-2dbi.gal\/es\/blog\/2024\/10\/28\/dende-que-teno-uso-de-razon-lembro-ir-as-vendimas\/","og_locale":"es_ES","og_type":"article","og_title":"\u201cDesde que tengo uso de raz\u00f3n recuerdo ir a las vendimias\u201d - Vi\u00f1os da Coru\u00f1a","og_description":"En A Pobra do Carami\u00f1al y a sus m\u00e1s de ochenta a\u00f1os, Francisco Crusat nos cuenta de la bodeda Entre os R\u00edos. \u00bfQui\u00e9n y cuando funda la bodega Entre os R\u00edos? La fundo yo, Francisco Crusat, que pronto cumplir\u00e9 82 a\u00f1os. \u00bfC\u00f3mo llegaste al mundo del vino? En mi casa, por la parte de mi [&hellip;]","og_url":"https:\/\/xn--viosdacorua-2dbi.gal\/es\/blog\/2024\/10\/28\/dende-que-teno-uso-de-razon-lembro-ir-as-vendimas\/","og_site_name":"Vi\u00f1os da Coru\u00f1a","article_published_time":"2024-10-28T19:53:57+00:00","article_modified_time":"2024-12-04T22:54:52+00:00","og_image":[{"width":400,"height":400,"url":"https:\/\/xn--viosdacorua-2dbi.gal\/wp-content\/uploads\/2024\/10\/adega-entre-os-rios-fb-1.jpg","type":"image\/jpeg"}],"author":"Roberto Noguerol","twitter_card":"summary_large_image","twitter_misc":{"Escrito por":"Roberto Noguerol","Tiempo de lectura":"3 minutos"},"schema":{"@context":"https:\/\/schema.org","@graph":[{"@type":"Article","@id":"https:\/\/xn--viosdacorua-2dbi.gal\/es\/blog\/2024\/10\/28\/dende-que-teno-uso-de-razon-lembro-ir-as-vendimas\/#article","isPartOf":{"@id":"https:\/\/xn--viosdacorua-2dbi.gal\/es\/blog\/2024\/10\/28\/dende-que-teno-uso-de-razon-lembro-ir-as-vendimas\/"},"author":{"name":"Roberto Noguerol","@id":"https:\/\/xn--viosdacorua-2dbi.gal\/es\/#\/schema\/person\/9e44d783c77ee4a2849056330ba9c877"},"headline":"\u201cDesde que tengo uso de raz\u00f3n recuerdo ir a las vendimias\u201d","datePublished":"2024-10-28T19:53:57+00:00","dateModified":"2024-12-04T22:54:52+00:00","mainEntityOfPage":{"@id":"https:\/\/xn--viosdacorua-2dbi.gal\/es\/blog\/2024\/10\/28\/dende-que-teno-uso-de-razon-lembro-ir-as-vendimas\/"},"wordCount":566,"commentCount":0,"publisher":{"@id":"https:\/\/xn--viosdacorua-2dbi.gal\/es\/#organization"},"image":{"@id":"https:\/\/xn--viosdacorua-2dbi.gal\/es\/blog\/2024\/10\/28\/dende-que-teno-uso-de-razon-lembro-ir-as-vendimas\/#primaryimage"},"thumbnailUrl":"https:\/\/xn--viosdacorua-2dbi.gal\/wp-content\/uploads\/2024\/10\/adega-entre-os-rios-fb-1.jpg","articleSection":["Sin categorizar"],"inLanguage":"es","potentialAction":[{"@type":"CommentAction","name":"Comment","target":["https:\/\/xn--viosdacorua-2dbi.gal\/es\/blog\/2024\/10\/28\/dende-que-teno-uso-de-razon-lembro-ir-as-vendimas\/#respond"]}]},{"@type":"WebPage","@id":"https:\/\/xn--viosdacorua-2dbi.gal\/es\/blog\/2024\/10\/28\/dende-que-teno-uso-de-razon-lembro-ir-as-vendimas\/","url":"https:\/\/xn--viosdacorua-2dbi.gal\/es\/blog\/2024\/10\/28\/dende-que-teno-uso-de-razon-lembro-ir-as-vendimas\/","name":"\u201cDesde que tengo uso de raz\u00f3n recuerdo ir a las vendimias\u201d - Vi\u00f1os da Coru\u00f1a","isPartOf":{"@id":"https:\/\/xn--viosdacorua-2dbi.gal\/es\/#website"},"primaryImageOfPage":{"@id":"https:\/\/xn--viosdacorua-2dbi.gal\/es\/blog\/2024\/10\/28\/dende-que-teno-uso-de-razon-lembro-ir-as-vendimas\/#primaryimage"},"image":{"@id":"https:\/\/xn--viosdacorua-2dbi.gal\/es\/blog\/2024\/10\/28\/dende-que-teno-uso-de-razon-lembro-ir-as-vendimas\/#primaryimage"},"thumbnailUrl":"https:\/\/xn--viosdacorua-2dbi.gal\/wp-content\/uploads\/2024\/10\/adega-entre-os-rios-fb-1.jpg","datePublished":"2024-10-28T19:53:57+00:00","dateModified":"2024-12-04T22:54:52+00:00","breadcrumb":{"@id":"https:\/\/xn--viosdacorua-2dbi.gal\/es\/blog\/2024\/10\/28\/dende-que-teno-uso-de-razon-lembro-ir-as-vendimas\/#breadcrumb"},"inLanguage":"es","potentialAction":[{"@type":"ReadAction","target":["https:\/\/xn--viosdacorua-2dbi.gal\/es\/blog\/2024\/10\/28\/dende-que-teno-uso-de-razon-lembro-ir-as-vendimas\/"]}]},{"@type":"ImageObject","inLanguage":"es","@id":"https:\/\/xn--viosdacorua-2dbi.gal\/es\/blog\/2024\/10\/28\/dende-que-teno-uso-de-razon-lembro-ir-as-vendimas\/#primaryimage","url":"https:\/\/xn--viosdacorua-2dbi.gal\/wp-content\/uploads\/2024\/10\/adega-entre-os-rios-fb-1.jpg","contentUrl":"https:\/\/xn--viosdacorua-2dbi.gal\/wp-content\/uploads\/2024\/10\/adega-entre-os-rios-fb-1.jpg","width":400,"height":400},{"@type":"BreadcrumbList","@id":"https:\/\/xn--viosdacorua-2dbi.gal\/es\/blog\/2024\/10\/28\/dende-que-teno-uso-de-razon-lembro-ir-as-vendimas\/#breadcrumb","itemListElement":[{"@type":"ListItem","position":1,"name":"Inicio","item":"https:\/\/xn--viosdacorua-2dbi.gal\/es\/"},{"@type":"ListItem","position":2,"name":"\u201cDesde que tengo uso de raz\u00f3n recuerdo ir a las vendimias\u201d"}]},{"@type":"WebSite","@id":"https:\/\/xn--viosdacorua-2dbi.gal\/es\/#website","url":"https:\/\/xn--viosdacorua-2dbi.gal\/es\/","name":"Vi\u00f1os da Coru\u00f1a","description":"Os vi\u00f1os da Coru\u00f1a","publisher":{"@id":"https:\/\/xn--viosdacorua-2dbi.gal\/es\/#organization"},"alternateName":"Vi\u00f1os da provincia da Coru\u00f1a","potentialAction":[{"@type":"SearchAction","target":{"@type":"EntryPoint","urlTemplate":"https:\/\/xn--viosdacorua-2dbi.gal\/es\/?s={search_term_string}"},"query-input":{"@type":"PropertyValueSpecification","valueRequired":true,"valueName":"search_term_string"}}],"inLanguage":"es"},{"@type":"Organization","@id":"https:\/\/xn--viosdacorua-2dbi.gal\/es\/#organization","name":"Vi\u00f1os da Provincia de A Coru\u00f1a","alternateName":"Vi\u00f1os da Provincia de A Coru\u00f1a","url":"https:\/\/xn--viosdacorua-2dbi.gal\/es\/","logo":{"@type":"ImageObject","inLanguage":"es","@id":"https:\/\/xn--viosdacorua-2dbi.gal\/es\/#\/schema\/logo\/image\/","url":"https:\/\/xn--viosdacorua-2dbi.gal\/wp-content\/uploads\/2024\/12\/logo_vinhos.jpg","contentUrl":"https:\/\/xn--viosdacorua-2dbi.gal\/wp-content\/uploads\/2024\/12\/logo_vinhos.jpg","width":1600,"height":563,"caption":"Vi\u00f1os da Provincia de A Coru\u00f1a"},"image":{"@id":"https:\/\/xn--viosdacorua-2dbi.gal\/es\/#\/schema\/logo\/image\/"}},{"@type":"Person","@id":"https:\/\/xn--viosdacorua-2dbi.gal\/es\/#\/schema\/person\/9e44d783c77ee4a2849056330ba9c877","name":"Roberto Noguerol","image":{"@type":"ImageObject","inLanguage":"es","@id":"https:\/\/xn--viosdacorua-2dbi.gal\/es\/#\/schema\/person\/image\/","url":"https:\/\/secure.gravatar.com\/avatar\/9e2c65b23cebcab7beabd8fbdfc0e353?s=96&d=mm&r=g","contentUrl":"https:\/\/secure.gravatar.com\/avatar\/9e2c65b23cebcab7beabd8fbdfc0e353?s=96&d=mm&r=g","caption":"Roberto Noguerol"},"url":"https:\/\/xn--viosdacorua-2dbi.gal\/es\/blog\/author\/roberto\/"}]}},"_links":{"self":[{"href":"https:\/\/xn--viosdacorua-2dbi.gal\/es\/wp-json\/wp\/v2\/posts\/269","targetHints":{"allow":["GET"]}}],"collection":[{"href":"https:\/\/xn--viosdacorua-2dbi.gal\/es\/wp-json\/wp\/v2\/posts"}],"about":[{"href":"https:\/\/xn--viosdacorua-2dbi.gal\/es\/wp-json\/wp\/v2\/types\/post"}],"author":[{"embeddable":true,"href":"https:\/\/xn--viosdacorua-2dbi.gal\/es\/wp-json\/wp\/v2\/users\/2"}],"replies":[{"embeddable":true,"href":"https:\/\/xn--viosdacorua-2dbi.gal\/es\/wp-json\/wp\/v2\/comments?post=269"}],"version-history":[{"count":1,"href":"https:\/\/xn--viosdacorua-2dbi.gal\/es\/wp-json\/wp\/v2\/posts\/269\/revisions"}],"predecessor-version":[{"id":1693,"href":"https:\/\/xn--viosdacorua-2dbi.gal\/es\/wp-json\/wp\/v2\/posts\/269\/revisions\/1693"}],"wp:featuredmedia":[{"embeddable":true,"href":"https:\/\/xn--viosdacorua-2dbi.gal\/es\/wp-json\/wp\/v2\/media\/267"}],"wp:attachment":[{"href":"https:\/\/xn--viosdacorua-2dbi.gal\/es\/wp-json\/wp\/v2\/media?parent=269"}],"wp:term":[{"taxonomy":"category","embeddable":true,"href":"https:\/\/xn--viosdacorua-2dbi.gal\/es\/wp-json\/wp\/v2\/categories?post=269"},{"taxonomy":"post_tag","embeddable":true,"href":"https:\/\/xn--viosdacorua-2dbi.gal\/es\/wp-json\/wp\/v2\/tags?post=269"}],"curies":[{"name":"wp","href":"https:\/\/api.w.org\/{rel}","templated":true}]}}