{"id":307,"date":"2024-11-01T12:04:51","date_gmt":"2024-11-01T11:04:51","guid":{"rendered":"https:\/\/xn--viosdacorua-2dbi.gal\/blog\/2024\/11\/01\/a-nosa-adega-e-das-primeiras-se-non-a-unica-de-maxima-eficiencia-enerxetica-en-galicia\/"},"modified":"2024-12-04T23:59:51","modified_gmt":"2024-12-04T22:59:51","slug":"a-nosa-adega-e-das-primeiras-se-non-a-unica-de-maxima-eficiencia-enerxetica-en-galicia","status":"publish","type":"post","link":"https:\/\/xn--viosdacorua-2dbi.gal\/es\/blog\/2024\/11\/01\/a-nosa-adega-e-das-primeiras-se-non-a-unica-de-maxima-eficiencia-enerxetica-en-galicia\/","title":{"rendered":"\u201cNuestra bodega es de las primeras, sino la \u00fanica, de m\u00e1xima eficiencia energ\u00e9tica\u201d"},"content":{"rendered":"\n<p><em>En Boqueix\u00f3n nos atiende Nieves Mill\u00e1n, promotora del proyecto Enoturismo Mar\u00eda Manuela.<\/em><\/p>\n\n\n<div class=\"wp-block-image\">\n<figure class=\"alignleft size-full is-resized\"><img fetchpriority=\"high\" decoding=\"async\" width=\"600\" height=\"800\" src=\"https:\/\/xn--viosdacorua-2dbi.gal\/wp-content\/uploads\/2024\/11\/bodega-maria-manuela-1_v2.jpg\" alt=\"\" class=\"wp-image-306\" style=\"width:235px;height:auto\" srcset=\"https:\/\/xn--viosdacorua-2dbi.gal\/wp-content\/uploads\/2024\/11\/bodega-maria-manuela-1_v2.jpg 600w, https:\/\/xn--viosdacorua-2dbi.gal\/wp-content\/uploads\/2024\/11\/bodega-maria-manuela-1_v2-225x300.jpg 225w\" sizes=\"(max-width: 600px) 100vw, 600px\" \/><\/figure><\/div>\n\n\n<p>\u00bfQui\u00e9n y cuando funda la bodega?<\/p>\n\n\n\n<p>Yo, Nieves Mill\u00e1n, y mi marido. Tras la segunda plantaci\u00f3n de 2017.<\/p>\n\n\n\n<p><strong>\u00bfC\u00f3mo llegaste al mundo del vino?<\/strong><\/p>\n\n\n\n<p>La herencia del terreno de mis padres nos llev\u00f3, a mi marido y a mi, a entrar en este mundo del vino en expansi\u00f3n. Yo llevaba 38 a\u00f1os al frente de la Librer\u00eda Palacios, en Santiago de Compostela, y a medida que fue creciendo este proyecto tom\u00e9 la decisi\u00f3n de centrarme en \u00e9l.<\/p>\n\n\n\n<p><strong>\u00bf<\/strong><strong>Recuerdas tu primera vendimia?<\/strong><\/p>\n\n\n\n<p>Mi primera vendimia, realmente, fue el a\u00f1o pasado, porque siempre me coincid\u00eda la \u00e9poca de vendimia con la \u00e9poca de mayor actividad en la librer\u00eda, con el inicio del curso escolar.<\/p>\n\n\n\n<p><strong>\u00bfAlg\u00fan recuerdo especial en tu vida al lado de las vides y los vinos?<\/strong><\/p>\n\n\n\n<p>Mis padres eran ganaderos, pero tambi\u00e9n hac\u00edan algo de vino para casa. Recuerdo de cuando ni\u00f1a de pisar la uva en el lagar, del orujo&#8230;<\/p>\n\n\n\n<p>\u00bfDe qu\u00e9 \u00e1reas concretas vienen vuestras uvas?<\/p>\n\n\n\n<p>Todas de Pousada.<\/p>\n\n\n\n<p><strong>\u00bfCon qu\u00e9 variedades de uva trabaj\u00e1is?<\/strong><\/p>\n\n\n\n<p>Albari\u00f1o.<\/p>\n\n\n\n<p><strong>\u00bfQu\u00e9 piensas que diferencia tu bodega, tus vinos, de otros?<\/strong><\/p>\n\n\n\n<p>Es de las primeras, sino la \u00fanica, de m\u00e1xima eficiencia energ\u00e9tica en Galicia. Hecha de hormig\u00f3n y madera, consigue que no haya variaci\u00f3n de temperatura de m\u00e1s de 1\u00baC o 2\u00baC entre el invierno y el verano. Y nuestro albari\u00f1o se hace en nuestras propias l\u00edas.<\/p>\n\n\n\n<p><strong>\u00bfC\u00f3mo fue la evoluci\u00f3n de la bodega a lo largo del tiempo?<\/strong><\/p>\n\n\n\n<p>Todo lo que tenemos es nuevo: maquinaria, barriles&#8230;<\/p>\n\n\n\n<p><strong>\u00bfD\u00f3nde vend\u00e9is principalmente vuestra producci\u00f3n?<\/strong><\/p>\n\n\n\n<p>En locales de restauraci\u00f3n con Estrella Michel\u00edn y en tiendas delicatessen de A Coru\u00f1a, Santiago, Pontevedra, Vigo, Ferrol&#8230; Tambi\u00e9n en Salamanca, Madrid, Segovia.<\/p>\n\n\n\n<p><strong>\u00bfC\u00f3mo veis el futuro? \u00bfAlg\u00fan reto concreto en el horizonte?<\/strong><\/p>\n\n\n\n<p>Usamos levaduras neutras, maderas&#8230; por lo que una pareja puede beber una botella de nuestro vino como cena y no le va a dar dolor de cabeza. La llave est\u00e1 en que todo lo que usamos es natural. El \u201cMar\u00eda Manuela\u201d da 13,5\u00ba de graduaci\u00f3n natural, y eso se nota. La a\u00f1ada de 2023 tiene 13 meses en barrica.<\/p>\n\n\n\n<p><strong>\u00bfQuieres recomendarnos alg\u00fan maridaje especial de alguno de tus vinos?<\/strong><\/p>\n\n\n\n<p>Con mucho optimismo, y con el objetivo de hacer vinos que contribuyan a la calidad que hay en Galicia.<\/p>\n","protected":false},"excerpt":{"rendered":"<p>En Boqueix\u00f3n nos atiende Nieves Mill\u00e1n, promotora del proyecto Enoturismo Mar\u00eda Manuela. \u00bfQui\u00e9n y cuando funda la bodega? Yo, Nieves Mill\u00e1n, y mi marido. Tras la segunda plantaci\u00f3n de 2017. \u00bfC\u00f3mo llegaste al mundo del vino? La herencia del terreno de mis padres nos llev\u00f3, a mi marido y a mi, a entrar en este [&hellip;]<\/p>\n","protected":false},"author":2,"featured_media":306,"comment_status":"open","ping_status":"open","sticky":false,"template":"","format":"standard","meta":{"footnotes":""},"categories":[4,1],"tags":[],"class_list":["post-307","post","type-post","status-publish","format-standard","has-post-thumbnail","hentry","category-sin-categorizar","category-uncategorized-gl"],"yoast_head":"<!-- This site is optimized with the Yoast SEO plugin v24.0 - https:\/\/yoast.com\/wordpress\/plugins\/seo\/ -->\n<title>\u201cNuestra bodega es de las primeras, sino la \u00fanica, de m\u00e1xima eficiencia energ\u00e9tica\u201d - Vi\u00f1os da Coru\u00f1a<\/title>\n<meta name=\"robots\" content=\"index, follow, max-snippet:-1, max-image-preview:large, max-video-preview:-1\" \/>\n<link rel=\"canonical\" href=\"https:\/\/xn--viosdacorua-2dbi.gal\/es\/blog\/2024\/11\/01\/a-nosa-adega-e-das-primeiras-se-non-a-unica-de-maxima-eficiencia-enerxetica-en-galicia\/\" \/>\n<meta property=\"og:locale\" content=\"es_ES\" \/>\n<meta property=\"og:type\" content=\"article\" \/>\n<meta property=\"og:title\" content=\"\u201cNuestra bodega es de las primeras, sino la \u00fanica, de m\u00e1xima eficiencia energ\u00e9tica\u201d - Vi\u00f1os da Coru\u00f1a\" \/>\n<meta property=\"og:description\" content=\"En Boqueix\u00f3n nos atiende Nieves Mill\u00e1n, promotora del proyecto Enoturismo Mar\u00eda Manuela. \u00bfQui\u00e9n y cuando funda la bodega? Yo, Nieves Mill\u00e1n, y mi marido. Tras la segunda plantaci\u00f3n de 2017. \u00bfC\u00f3mo llegaste al mundo del vino? La herencia del terreno de mis padres nos llev\u00f3, a mi marido y a mi, a entrar en este [&hellip;]\" \/>\n<meta property=\"og:url\" content=\"https:\/\/xn--viosdacorua-2dbi.gal\/es\/blog\/2024\/11\/01\/a-nosa-adega-e-das-primeiras-se-non-a-unica-de-maxima-eficiencia-enerxetica-en-galicia\/\" \/>\n<meta property=\"og:site_name\" content=\"Vi\u00f1os da Coru\u00f1a\" \/>\n<meta property=\"article:published_time\" content=\"2024-11-01T11:04:51+00:00\" \/>\n<meta property=\"article:modified_time\" content=\"2024-12-04T22:59:51+00:00\" \/>\n<meta property=\"og:image\" content=\"https:\/\/xn--viosdacorua-2dbi.gal\/wp-content\/uploads\/2024\/11\/bodega-maria-manuela-1_v2.jpg\" \/>\n\t<meta property=\"og:image:width\" content=\"600\" \/>\n\t<meta property=\"og:image:height\" content=\"800\" \/>\n\t<meta property=\"og:image:type\" content=\"image\/jpeg\" \/>\n<meta name=\"author\" content=\"Roberto Noguerol\" \/>\n<meta name=\"twitter:card\" content=\"summary_large_image\" \/>\n<meta name=\"twitter:label1\" content=\"Escrito por\" \/>\n\t<meta name=\"twitter:data1\" content=\"Roberto Noguerol\" \/>\n\t<meta name=\"twitter:label2\" content=\"Tiempo de lectura\" \/>\n\t<meta name=\"twitter:data2\" content=\"3 minutos\" \/>\n<script type=\"application\/ld+json\" class=\"yoast-schema-graph\">{\"@context\":\"https:\/\/schema.org\",\"@graph\":[{\"@type\":\"Article\",\"@id\":\"https:\/\/xn--viosdacorua-2dbi.gal\/es\/blog\/2024\/11\/01\/a-nosa-adega-e-das-primeiras-se-non-a-unica-de-maxima-eficiencia-enerxetica-en-galicia\/#article\",\"isPartOf\":{\"@id\":\"https:\/\/xn--viosdacorua-2dbi.gal\/es\/blog\/2024\/11\/01\/a-nosa-adega-e-das-primeiras-se-non-a-unica-de-maxima-eficiencia-enerxetica-en-galicia\/\"},\"author\":{\"name\":\"Roberto Noguerol\",\"@id\":\"https:\/\/xn--viosdacorua-2dbi.gal\/es\/#\/schema\/person\/9e44d783c77ee4a2849056330ba9c877\"},\"headline\":\"\u201cNuestra bodega es de las primeras, sino la \u00fanica, de m\u00e1xima eficiencia energ\u00e9tica\u201d\",\"datePublished\":\"2024-11-01T11:04:51+00:00\",\"dateModified\":\"2024-12-04T22:59:51+00:00\",\"mainEntityOfPage\":{\"@id\":\"https:\/\/xn--viosdacorua-2dbi.gal\/es\/blog\/2024\/11\/01\/a-nosa-adega-e-das-primeiras-se-non-a-unica-de-maxima-eficiencia-enerxetica-en-galicia\/\"},\"wordCount\":434,\"commentCount\":0,\"publisher\":{\"@id\":\"https:\/\/xn--viosdacorua-2dbi.gal\/es\/#organization\"},\"image\":{\"@id\":\"https:\/\/xn--viosdacorua-2dbi.gal\/es\/blog\/2024\/11\/01\/a-nosa-adega-e-das-primeiras-se-non-a-unica-de-maxima-eficiencia-enerxetica-en-galicia\/#primaryimage\"},\"thumbnailUrl\":\"https:\/\/xn--viosdacorua-2dbi.gal\/wp-content\/uploads\/2024\/11\/bodega-maria-manuela-1_v2.jpg\",\"articleSection\":[\"Sin categorizar\",\"Uncategorized @gl\"],\"inLanguage\":\"es\",\"potentialAction\":[{\"@type\":\"CommentAction\",\"name\":\"Comment\",\"target\":[\"https:\/\/xn--viosdacorua-2dbi.gal\/es\/blog\/2024\/11\/01\/a-nosa-adega-e-das-primeiras-se-non-a-unica-de-maxima-eficiencia-enerxetica-en-galicia\/#respond\"]}]},{\"@type\":\"WebPage\",\"@id\":\"https:\/\/xn--viosdacorua-2dbi.gal\/es\/blog\/2024\/11\/01\/a-nosa-adega-e-das-primeiras-se-non-a-unica-de-maxima-eficiencia-enerxetica-en-galicia\/\",\"url\":\"https:\/\/xn--viosdacorua-2dbi.gal\/es\/blog\/2024\/11\/01\/a-nosa-adega-e-das-primeiras-se-non-a-unica-de-maxima-eficiencia-enerxetica-en-galicia\/\",\"name\":\"\u201cNuestra bodega es de las primeras, sino la \u00fanica, de m\u00e1xima eficiencia energ\u00e9tica\u201d - Vi\u00f1os da Coru\u00f1a\",\"isPartOf\":{\"@id\":\"https:\/\/xn--viosdacorua-2dbi.gal\/es\/#website\"},\"primaryImageOfPage\":{\"@id\":\"https:\/\/xn--viosdacorua-2dbi.gal\/es\/blog\/2024\/11\/01\/a-nosa-adega-e-das-primeiras-se-non-a-unica-de-maxima-eficiencia-enerxetica-en-galicia\/#primaryimage\"},\"image\":{\"@id\":\"https:\/\/xn--viosdacorua-2dbi.gal\/es\/blog\/2024\/11\/01\/a-nosa-adega-e-das-primeiras-se-non-a-unica-de-maxima-eficiencia-enerxetica-en-galicia\/#primaryimage\"},\"thumbnailUrl\":\"https:\/\/xn--viosdacorua-2dbi.gal\/wp-content\/uploads\/2024\/11\/bodega-maria-manuela-1_v2.jpg\",\"datePublished\":\"2024-11-01T11:04:51+00:00\",\"dateModified\":\"2024-12-04T22:59:51+00:00\",\"breadcrumb\":{\"@id\":\"https:\/\/xn--viosdacorua-2dbi.gal\/es\/blog\/2024\/11\/01\/a-nosa-adega-e-das-primeiras-se-non-a-unica-de-maxima-eficiencia-enerxetica-en-galicia\/#breadcrumb\"},\"inLanguage\":\"es\",\"potentialAction\":[{\"@type\":\"ReadAction\",\"target\":[\"https:\/\/xn--viosdacorua-2dbi.gal\/es\/blog\/2024\/11\/01\/a-nosa-adega-e-das-primeiras-se-non-a-unica-de-maxima-eficiencia-enerxetica-en-galicia\/\"]}]},{\"@type\":\"ImageObject\",\"inLanguage\":\"es\",\"@id\":\"https:\/\/xn--viosdacorua-2dbi.gal\/es\/blog\/2024\/11\/01\/a-nosa-adega-e-das-primeiras-se-non-a-unica-de-maxima-eficiencia-enerxetica-en-galicia\/#primaryimage\",\"url\":\"https:\/\/xn--viosdacorua-2dbi.gal\/wp-content\/uploads\/2024\/11\/bodega-maria-manuela-1_v2.jpg\",\"contentUrl\":\"https:\/\/xn--viosdacorua-2dbi.gal\/wp-content\/uploads\/2024\/11\/bodega-maria-manuela-1_v2.jpg\",\"width\":600,\"height\":800},{\"@type\":\"BreadcrumbList\",\"@id\":\"https:\/\/xn--viosdacorua-2dbi.gal\/es\/blog\/2024\/11\/01\/a-nosa-adega-e-das-primeiras-se-non-a-unica-de-maxima-eficiencia-enerxetica-en-galicia\/#breadcrumb\",\"itemListElement\":[{\"@type\":\"ListItem\",\"position\":1,\"name\":\"Inicio\",\"item\":\"https:\/\/xn--viosdacorua-2dbi.gal\/es\/\"},{\"@type\":\"ListItem\",\"position\":2,\"name\":\"\u201cNuestra bodega es de las primeras, sino la \u00fanica, de m\u00e1xima eficiencia energ\u00e9tica\u201d\"}]},{\"@type\":\"WebSite\",\"@id\":\"https:\/\/xn--viosdacorua-2dbi.gal\/es\/#website\",\"url\":\"https:\/\/xn--viosdacorua-2dbi.gal\/es\/\",\"name\":\"Vi\u00f1os da Coru\u00f1a\",\"description\":\"Os vi\u00f1os da Coru\u00f1a\",\"publisher\":{\"@id\":\"https:\/\/xn--viosdacorua-2dbi.gal\/es\/#organization\"},\"alternateName\":\"Vi\u00f1os da provincia da Coru\u00f1a\",\"potentialAction\":[{\"@type\":\"SearchAction\",\"target\":{\"@type\":\"EntryPoint\",\"urlTemplate\":\"https:\/\/xn--viosdacorua-2dbi.gal\/es\/?s={search_term_string}\"},\"query-input\":{\"@type\":\"PropertyValueSpecification\",\"valueRequired\":true,\"valueName\":\"search_term_string\"}}],\"inLanguage\":\"es\"},{\"@type\":\"Organization\",\"@id\":\"https:\/\/xn--viosdacorua-2dbi.gal\/es\/#organization\",\"name\":\"Vi\u00f1os da Provincia de A Coru\u00f1a\",\"alternateName\":\"Vi\u00f1os da Provincia de A Coru\u00f1a\",\"url\":\"https:\/\/xn--viosdacorua-2dbi.gal\/es\/\",\"logo\":{\"@type\":\"ImageObject\",\"inLanguage\":\"es\",\"@id\":\"https:\/\/xn--viosdacorua-2dbi.gal\/es\/#\/schema\/logo\/image\/\",\"url\":\"https:\/\/xn--viosdacorua-2dbi.gal\/wp-content\/uploads\/2024\/12\/logo_vinhos.jpg\",\"contentUrl\":\"https:\/\/xn--viosdacorua-2dbi.gal\/wp-content\/uploads\/2024\/12\/logo_vinhos.jpg\",\"width\":1600,\"height\":563,\"caption\":\"Vi\u00f1os da Provincia de A Coru\u00f1a\"},\"image\":{\"@id\":\"https:\/\/xn--viosdacorua-2dbi.gal\/es\/#\/schema\/logo\/image\/\"}},{\"@type\":\"Person\",\"@id\":\"https:\/\/xn--viosdacorua-2dbi.gal\/es\/#\/schema\/person\/9e44d783c77ee4a2849056330ba9c877\",\"name\":\"Roberto Noguerol\",\"image\":{\"@type\":\"ImageObject\",\"inLanguage\":\"es\",\"@id\":\"https:\/\/xn--viosdacorua-2dbi.gal\/es\/#\/schema\/person\/image\/\",\"url\":\"https:\/\/secure.gravatar.com\/avatar\/9e2c65b23cebcab7beabd8fbdfc0e353?s=96&d=mm&r=g\",\"contentUrl\":\"https:\/\/secure.gravatar.com\/avatar\/9e2c65b23cebcab7beabd8fbdfc0e353?s=96&d=mm&r=g\",\"caption\":\"Roberto Noguerol\"},\"url\":\"https:\/\/xn--viosdacorua-2dbi.gal\/es\/blog\/author\/roberto\/\"}]}<\/script>\n<!-- \/ Yoast SEO plugin. -->","yoast_head_json":{"title":"\u201cNuestra bodega es de las primeras, sino la \u00fanica, de m\u00e1xima eficiencia energ\u00e9tica\u201d - Vi\u00f1os da Coru\u00f1a","robots":{"index":"index","follow":"follow","max-snippet":"max-snippet:-1","max-image-preview":"max-image-preview:large","max-video-preview":"max-video-preview:-1"},"canonical":"https:\/\/xn--viosdacorua-2dbi.gal\/es\/blog\/2024\/11\/01\/a-nosa-adega-e-das-primeiras-se-non-a-unica-de-maxima-eficiencia-enerxetica-en-galicia\/","og_locale":"es_ES","og_type":"article","og_title":"\u201cNuestra bodega es de las primeras, sino la \u00fanica, de m\u00e1xima eficiencia energ\u00e9tica\u201d - Vi\u00f1os da Coru\u00f1a","og_description":"En Boqueix\u00f3n nos atiende Nieves Mill\u00e1n, promotora del proyecto Enoturismo Mar\u00eda Manuela. \u00bfQui\u00e9n y cuando funda la bodega? Yo, Nieves Mill\u00e1n, y mi marido. Tras la segunda plantaci\u00f3n de 2017. \u00bfC\u00f3mo llegaste al mundo del vino? La herencia del terreno de mis padres nos llev\u00f3, a mi marido y a mi, a entrar en este [&hellip;]","og_url":"https:\/\/xn--viosdacorua-2dbi.gal\/es\/blog\/2024\/11\/01\/a-nosa-adega-e-das-primeiras-se-non-a-unica-de-maxima-eficiencia-enerxetica-en-galicia\/","og_site_name":"Vi\u00f1os da Coru\u00f1a","article_published_time":"2024-11-01T11:04:51+00:00","article_modified_time":"2024-12-04T22:59:51+00:00","og_image":[{"width":600,"height":800,"url":"https:\/\/xn--viosdacorua-2dbi.gal\/wp-content\/uploads\/2024\/11\/bodega-maria-manuela-1_v2.jpg","type":"image\/jpeg"}],"author":"Roberto Noguerol","twitter_card":"summary_large_image","twitter_misc":{"Escrito por":"Roberto Noguerol","Tiempo de lectura":"3 minutos"},"schema":{"@context":"https:\/\/schema.org","@graph":[{"@type":"Article","@id":"https:\/\/xn--viosdacorua-2dbi.gal\/es\/blog\/2024\/11\/01\/a-nosa-adega-e-das-primeiras-se-non-a-unica-de-maxima-eficiencia-enerxetica-en-galicia\/#article","isPartOf":{"@id":"https:\/\/xn--viosdacorua-2dbi.gal\/es\/blog\/2024\/11\/01\/a-nosa-adega-e-das-primeiras-se-non-a-unica-de-maxima-eficiencia-enerxetica-en-galicia\/"},"author":{"name":"Roberto Noguerol","@id":"https:\/\/xn--viosdacorua-2dbi.gal\/es\/#\/schema\/person\/9e44d783c77ee4a2849056330ba9c877"},"headline":"\u201cNuestra bodega es de las primeras, sino la \u00fanica, de m\u00e1xima eficiencia energ\u00e9tica\u201d","datePublished":"2024-11-01T11:04:51+00:00","dateModified":"2024-12-04T22:59:51+00:00","mainEntityOfPage":{"@id":"https:\/\/xn--viosdacorua-2dbi.gal\/es\/blog\/2024\/11\/01\/a-nosa-adega-e-das-primeiras-se-non-a-unica-de-maxima-eficiencia-enerxetica-en-galicia\/"},"wordCount":434,"commentCount":0,"publisher":{"@id":"https:\/\/xn--viosdacorua-2dbi.gal\/es\/#organization"},"image":{"@id":"https:\/\/xn--viosdacorua-2dbi.gal\/es\/blog\/2024\/11\/01\/a-nosa-adega-e-das-primeiras-se-non-a-unica-de-maxima-eficiencia-enerxetica-en-galicia\/#primaryimage"},"thumbnailUrl":"https:\/\/xn--viosdacorua-2dbi.gal\/wp-content\/uploads\/2024\/11\/bodega-maria-manuela-1_v2.jpg","articleSection":["Sin categorizar","Uncategorized @gl"],"inLanguage":"es","potentialAction":[{"@type":"CommentAction","name":"Comment","target":["https:\/\/xn--viosdacorua-2dbi.gal\/es\/blog\/2024\/11\/01\/a-nosa-adega-e-das-primeiras-se-non-a-unica-de-maxima-eficiencia-enerxetica-en-galicia\/#respond"]}]},{"@type":"WebPage","@id":"https:\/\/xn--viosdacorua-2dbi.gal\/es\/blog\/2024\/11\/01\/a-nosa-adega-e-das-primeiras-se-non-a-unica-de-maxima-eficiencia-enerxetica-en-galicia\/","url":"https:\/\/xn--viosdacorua-2dbi.gal\/es\/blog\/2024\/11\/01\/a-nosa-adega-e-das-primeiras-se-non-a-unica-de-maxima-eficiencia-enerxetica-en-galicia\/","name":"\u201cNuestra bodega es de las primeras, sino la \u00fanica, de m\u00e1xima eficiencia energ\u00e9tica\u201d - Vi\u00f1os da Coru\u00f1a","isPartOf":{"@id":"https:\/\/xn--viosdacorua-2dbi.gal\/es\/#website"},"primaryImageOfPage":{"@id":"https:\/\/xn--viosdacorua-2dbi.gal\/es\/blog\/2024\/11\/01\/a-nosa-adega-e-das-primeiras-se-non-a-unica-de-maxima-eficiencia-enerxetica-en-galicia\/#primaryimage"},"image":{"@id":"https:\/\/xn--viosdacorua-2dbi.gal\/es\/blog\/2024\/11\/01\/a-nosa-adega-e-das-primeiras-se-non-a-unica-de-maxima-eficiencia-enerxetica-en-galicia\/#primaryimage"},"thumbnailUrl":"https:\/\/xn--viosdacorua-2dbi.gal\/wp-content\/uploads\/2024\/11\/bodega-maria-manuela-1_v2.jpg","datePublished":"2024-11-01T11:04:51+00:00","dateModified":"2024-12-04T22:59:51+00:00","breadcrumb":{"@id":"https:\/\/xn--viosdacorua-2dbi.gal\/es\/blog\/2024\/11\/01\/a-nosa-adega-e-das-primeiras-se-non-a-unica-de-maxima-eficiencia-enerxetica-en-galicia\/#breadcrumb"},"inLanguage":"es","potentialAction":[{"@type":"ReadAction","target":["https:\/\/xn--viosdacorua-2dbi.gal\/es\/blog\/2024\/11\/01\/a-nosa-adega-e-das-primeiras-se-non-a-unica-de-maxima-eficiencia-enerxetica-en-galicia\/"]}]},{"@type":"ImageObject","inLanguage":"es","@id":"https:\/\/xn--viosdacorua-2dbi.gal\/es\/blog\/2024\/11\/01\/a-nosa-adega-e-das-primeiras-se-non-a-unica-de-maxima-eficiencia-enerxetica-en-galicia\/#primaryimage","url":"https:\/\/xn--viosdacorua-2dbi.gal\/wp-content\/uploads\/2024\/11\/bodega-maria-manuela-1_v2.jpg","contentUrl":"https:\/\/xn--viosdacorua-2dbi.gal\/wp-content\/uploads\/2024\/11\/bodega-maria-manuela-1_v2.jpg","width":600,"height":800},{"@type":"BreadcrumbList","@id":"https:\/\/xn--viosdacorua-2dbi.gal\/es\/blog\/2024\/11\/01\/a-nosa-adega-e-das-primeiras-se-non-a-unica-de-maxima-eficiencia-enerxetica-en-galicia\/#breadcrumb","itemListElement":[{"@type":"ListItem","position":1,"name":"Inicio","item":"https:\/\/xn--viosdacorua-2dbi.gal\/es\/"},{"@type":"ListItem","position":2,"name":"\u201cNuestra bodega es de las primeras, sino la \u00fanica, de m\u00e1xima eficiencia energ\u00e9tica\u201d"}]},{"@type":"WebSite","@id":"https:\/\/xn--viosdacorua-2dbi.gal\/es\/#website","url":"https:\/\/xn--viosdacorua-2dbi.gal\/es\/","name":"Vi\u00f1os da Coru\u00f1a","description":"Os vi\u00f1os da Coru\u00f1a","publisher":{"@id":"https:\/\/xn--viosdacorua-2dbi.gal\/es\/#organization"},"alternateName":"Vi\u00f1os da provincia da Coru\u00f1a","potentialAction":[{"@type":"SearchAction","target":{"@type":"EntryPoint","urlTemplate":"https:\/\/xn--viosdacorua-2dbi.gal\/es\/?s={search_term_string}"},"query-input":{"@type":"PropertyValueSpecification","valueRequired":true,"valueName":"search_term_string"}}],"inLanguage":"es"},{"@type":"Organization","@id":"https:\/\/xn--viosdacorua-2dbi.gal\/es\/#organization","name":"Vi\u00f1os da Provincia de A Coru\u00f1a","alternateName":"Vi\u00f1os da Provincia de A Coru\u00f1a","url":"https:\/\/xn--viosdacorua-2dbi.gal\/es\/","logo":{"@type":"ImageObject","inLanguage":"es","@id":"https:\/\/xn--viosdacorua-2dbi.gal\/es\/#\/schema\/logo\/image\/","url":"https:\/\/xn--viosdacorua-2dbi.gal\/wp-content\/uploads\/2024\/12\/logo_vinhos.jpg","contentUrl":"https:\/\/xn--viosdacorua-2dbi.gal\/wp-content\/uploads\/2024\/12\/logo_vinhos.jpg","width":1600,"height":563,"caption":"Vi\u00f1os da Provincia de A Coru\u00f1a"},"image":{"@id":"https:\/\/xn--viosdacorua-2dbi.gal\/es\/#\/schema\/logo\/image\/"}},{"@type":"Person","@id":"https:\/\/xn--viosdacorua-2dbi.gal\/es\/#\/schema\/person\/9e44d783c77ee4a2849056330ba9c877","name":"Roberto Noguerol","image":{"@type":"ImageObject","inLanguage":"es","@id":"https:\/\/xn--viosdacorua-2dbi.gal\/es\/#\/schema\/person\/image\/","url":"https:\/\/secure.gravatar.com\/avatar\/9e2c65b23cebcab7beabd8fbdfc0e353?s=96&d=mm&r=g","contentUrl":"https:\/\/secure.gravatar.com\/avatar\/9e2c65b23cebcab7beabd8fbdfc0e353?s=96&d=mm&r=g","caption":"Roberto Noguerol"},"url":"https:\/\/xn--viosdacorua-2dbi.gal\/es\/blog\/author\/roberto\/"}]}},"_links":{"self":[{"href":"https:\/\/xn--viosdacorua-2dbi.gal\/es\/wp-json\/wp\/v2\/posts\/307","targetHints":{"allow":["GET"]}}],"collection":[{"href":"https:\/\/xn--viosdacorua-2dbi.gal\/es\/wp-json\/wp\/v2\/posts"}],"about":[{"href":"https:\/\/xn--viosdacorua-2dbi.gal\/es\/wp-json\/wp\/v2\/types\/post"}],"author":[{"embeddable":true,"href":"https:\/\/xn--viosdacorua-2dbi.gal\/es\/wp-json\/wp\/v2\/users\/2"}],"replies":[{"embeddable":true,"href":"https:\/\/xn--viosdacorua-2dbi.gal\/es\/wp-json\/wp\/v2\/comments?post=307"}],"version-history":[{"count":1,"href":"https:\/\/xn--viosdacorua-2dbi.gal\/es\/wp-json\/wp\/v2\/posts\/307\/revisions"}],"predecessor-version":[{"id":1702,"href":"https:\/\/xn--viosdacorua-2dbi.gal\/es\/wp-json\/wp\/v2\/posts\/307\/revisions\/1702"}],"wp:featuredmedia":[{"embeddable":true,"href":"https:\/\/xn--viosdacorua-2dbi.gal\/es\/wp-json\/wp\/v2\/media\/306"}],"wp:attachment":[{"href":"https:\/\/xn--viosdacorua-2dbi.gal\/es\/wp-json\/wp\/v2\/media?parent=307"}],"wp:term":[{"taxonomy":"category","embeddable":true,"href":"https:\/\/xn--viosdacorua-2dbi.gal\/es\/wp-json\/wp\/v2\/categories?post=307"},{"taxonomy":"post_tag","embeddable":true,"href":"https:\/\/xn--viosdacorua-2dbi.gal\/es\/wp-json\/wp\/v2\/tags?post=307"}],"curies":[{"name":"wp","href":"https:\/\/api.w.org\/{rel}","templated":true}]}}